{"id":9814,"date":"2016-10-27T14:00:58","date_gmt":"2016-10-27T12:00:58","guid":{"rendered":"http:\/\/harrobia.net\/es\/?p=9814"},"modified":"2016-11-06T23:52:54","modified_gmt":"2016-11-06T22:52:54","slug":"el-19-de-octubre-se-celebro-en-elgoibar-la-jornada-gestion-del-idioma-y-euskara-en-la-empresa-y-en-la-formacion-profesional","status":"publish","type":"post","link":"https:\/\/harrobia.net\/es\/2016\/10\/el-19-de-octubre-se-celebro-en-elgoibar-la-jornada-gestion-del-idioma-y-euskara-en-la-empresa-y-en-la-formacion-profesional\/","title":{"rendered":"El 19 de octubre se celebr\u00f3 en Elgoibar la jornada Gesti\u00f3n del Idioma y Euskara en la Empresa y en la Formaci\u00f3n Profesional"},"content":{"rendered":"<p>El 19 de octubre, mi\u00e9rcoles, se celebr\u00f3 en el instituto IMH de Elgoibar la jornada denominada Hizkelan. En dicha jornada varios expertos hablaron sobre realizar las pr\u00e1cticas en euskara, la presencia del euskara en la formaci\u00f3n continua, el proyecto ling\u00fc\u00edstico en la formaci\u00f3n profesional y la promoci\u00f3n del uso del euskara en el mundo laboral. En la jornada participaron, entre otros, Patxi Baztarrika en nombre del Gobierno Vasco, la Diputaci\u00f3n de Gipuzkoa, el Ayuntamiento de Elgoibar, JakinBai, Ahize&#8230; El responsable de Normalizaci\u00f3n Ling\u00fc\u00edstica de Harrobia, como no, tambi\u00e9n estuvo presente.<\/p>\n<span class=\"et_bloom_bottom_trigger\"><\/span>","protected":false},"excerpt":{"rendered":"<p>El 19 de octubre, mi\u00e9rcoles, se celebr\u00f3 en el instituto IMH de Elgoibar la jornada denominada Hizkelan. En dicha jornada varios expertos hablaron sobre realizar las pr\u00e1cticas en euskara, la presencia del euskara en la formaci\u00f3n continua, el proyecto ling\u00fc\u00edstico en la formaci\u00f3n profesional y la promoci\u00f3n del uso del euskara en el mundo laboral. [&hellip;]<\/p>\n","protected":false},"author":6,"featured_media":9812,"comment_status":"closed","ping_status":"open","sticky":false,"template":"","format":"image","meta":{"_acf_changed":false,"_et_pb_use_builder":"","_et_pb_old_content":"","_et_gb_content_width":"","_jetpack_memberships_contains_paid_content":false,"_joinchat":[],"footnotes":""},"categories":[3],"tags":[],"class_list":["post-9814","post","type-post","status-publish","format-image","has-post-thumbnail","hentry","category-sin-categorizar","post_format-post-format-image"],"acf":[],"yoast_head":"<!-- This site is optimized with the Yoast SEO plugin v27.3 - https:\/\/yoast.com\/product\/yoast-seo-wordpress\/ -->\n<title>El 19 de octubre se celebr\u00f3 en Elgoibar la jornada Gesti\u00f3n del Idioma y Euskara en la Empresa y en la Formaci\u00f3n Profesional - Harrobia | Lanbide heziketa Bizkaian<\/title>\n<meta name=\"description\" content=\"El 19 de octubre, mi\u00e9rcoles, se celebr\u00f3 en el instituto IMH de Elgoibar la jornada denominada Hizkelan. En dicha jornada varios expertos hablaron sobre\" \/>\n<meta name=\"robots\" content=\"index, follow, max-snippet:-1, max-image-preview:large, max-video-preview:-1\" \/>\n<link rel=\"canonical\" href=\"https:\/\/harrobia.net\/es\/2016\/10\/el-19-de-octubre-se-celebro-en-elgoibar-la-jornada-gestion-del-idioma-y-euskara-en-la-empresa-y-en-la-formacion-profesional\/\" \/>\n<meta property=\"og:locale\" content=\"es_ES\" \/>\n<meta property=\"og:type\" content=\"article\" \/>\n<meta property=\"og:title\" content=\"El 19 de octubre se celebr\u00f3 en Elgoibar la jornada Gesti\u00f3n del Idioma y Euskara en la Empresa y en la Formaci\u00f3n Profesional - Harrobia | Lanbide heziketa Bizkaian\" \/>\n<meta property=\"og:description\" content=\"El 19 de octubre, mi\u00e9rcoles, se celebr\u00f3 en el instituto IMH de Elgoibar la jornada denominada Hizkelan. En dicha jornada varios expertos hablaron sobre\" \/>\n<meta property=\"og:url\" content=\"https:\/\/harrobia.net\/es\/2016\/10\/el-19-de-octubre-se-celebro-en-elgoibar-la-jornada-gestion-del-idioma-y-euskara-en-la-empresa-y-en-la-formacion-profesional\/\" \/>\n<meta property=\"og:site_name\" content=\"Harrobia Ikastola\" \/>\n<meta property=\"article:publisher\" content=\"https:\/\/www.facebook.com\/HarrobiaIkastola\" \/>\n<meta property=\"article:published_time\" content=\"2016-10-27T12:00:58+00:00\" \/>\n<meta property=\"article:modified_time\" content=\"2016-11-06T22:52:54+00:00\" \/>\n<meta property=\"og:image\" content=\"https:\/\/harrobia.net\/wp-content\/uploads\/2016\/10\/20161019-Hizkelan-Elgoibar.jpg\" \/>\n\t<meta property=\"og:image:width\" content=\"1024\" \/>\n\t<meta property=\"og:image:height\" content=\"576\" \/>\n\t<meta property=\"og:image:type\" content=\"image\/jpeg\" \/>\n<meta name=\"author\" content=\"Harrobia\" \/>\n<meta name=\"twitter:card\" content=\"summary_large_image\" \/>\n<meta name=\"twitter:creator\" content=\"@harrobiaikas\" \/>\n<meta name=\"twitter:site\" content=\"@harrobiaikas\" \/>\n<meta name=\"twitter:label1\" content=\"Escrito por\" \/>\n\t<meta name=\"twitter:data1\" content=\"Harrobia\" \/>\n<script type=\"application\/ld+json\" class=\"yoast-schema-graph\">{\"@context\":\"https:\\\/\\\/schema.org\",\"@graph\":[{\"@type\":\"Article\",\"@id\":\"https:\\\/\\\/harrobia.net\\\/es\\\/2016\\\/10\\\/el-19-de-octubre-se-celebro-en-elgoibar-la-jornada-gestion-del-idioma-y-euskara-en-la-empresa-y-en-la-formacion-profesional\\\/#article\",\"isPartOf\":{\"@id\":\"https:\\\/\\\/harrobia.net\\\/es\\\/2016\\\/10\\\/el-19-de-octubre-se-celebro-en-elgoibar-la-jornada-gestion-del-idioma-y-euskara-en-la-empresa-y-en-la-formacion-profesional\\\/\"},\"author\":{\"name\":\"Harrobia\",\"@id\":\"https:\\\/\\\/harrobia.net\\\/#\\\/schema\\\/person\\\/1d744cfed951cc4f6a3fca6f0b31f524\"},\"headline\":\"El 19 de octubre se celebr\u00f3 en Elgoibar la jornada Gesti\u00f3n del Idioma y Euskara en la Empresa y en la Formaci\u00f3n Profesional\",\"datePublished\":\"2016-10-27T12:00:58+00:00\",\"dateModified\":\"2016-11-06T22:52:54+00:00\",\"mainEntityOfPage\":{\"@id\":\"https:\\\/\\\/harrobia.net\\\/es\\\/2016\\\/10\\\/el-19-de-octubre-se-celebro-en-elgoibar-la-jornada-gestion-del-idioma-y-euskara-en-la-empresa-y-en-la-formacion-profesional\\\/\"},\"wordCount\":123,\"publisher\":{\"@id\":\"https:\\\/\\\/harrobia.net\\\/#organization\"},\"image\":{\"@id\":\"https:\\\/\\\/harrobia.net\\\/es\\\/2016\\\/10\\\/el-19-de-octubre-se-celebro-en-elgoibar-la-jornada-gestion-del-idioma-y-euskara-en-la-empresa-y-en-la-formacion-profesional\\\/#primaryimage\"},\"thumbnailUrl\":\"https:\\\/\\\/harrobia.net\\\/wp-content\\\/uploads\\\/2016\\\/10\\\/20161019-Hizkelan-Elgoibar.jpg\",\"articleSection\":[\"Sin categorizar\"],\"inLanguage\":\"es\"},{\"@type\":\"WebPage\",\"@id\":\"https:\\\/\\\/harrobia.net\\\/es\\\/2016\\\/10\\\/el-19-de-octubre-se-celebro-en-elgoibar-la-jornada-gestion-del-idioma-y-euskara-en-la-empresa-y-en-la-formacion-profesional\\\/\",\"url\":\"https:\\\/\\\/harrobia.net\\\/es\\\/2016\\\/10\\\/el-19-de-octubre-se-celebro-en-elgoibar-la-jornada-gestion-del-idioma-y-euskara-en-la-empresa-y-en-la-formacion-profesional\\\/\",\"name\":\"El 19 de octubre se celebr\u00f3 en Elgoibar la jornada Gesti\u00f3n del Idioma y Euskara en la Empresa y en la Formaci\u00f3n Profesional - Harrobia | Lanbide heziketa Bizkaian\",\"isPartOf\":{\"@id\":\"https:\\\/\\\/harrobia.net\\\/#website\"},\"primaryImageOfPage\":{\"@id\":\"https:\\\/\\\/harrobia.net\\\/es\\\/2016\\\/10\\\/el-19-de-octubre-se-celebro-en-elgoibar-la-jornada-gestion-del-idioma-y-euskara-en-la-empresa-y-en-la-formacion-profesional\\\/#primaryimage\"},\"image\":{\"@id\":\"https:\\\/\\\/harrobia.net\\\/es\\\/2016\\\/10\\\/el-19-de-octubre-se-celebro-en-elgoibar-la-jornada-gestion-del-idioma-y-euskara-en-la-empresa-y-en-la-formacion-profesional\\\/#primaryimage\"},\"thumbnailUrl\":\"https:\\\/\\\/harrobia.net\\\/wp-content\\\/uploads\\\/2016\\\/10\\\/20161019-Hizkelan-Elgoibar.jpg\",\"datePublished\":\"2016-10-27T12:00:58+00:00\",\"dateModified\":\"2016-11-06T22:52:54+00:00\",\"description\":\"El 19 de octubre, mi\u00e9rcoles, se celebr\u00f3 en el instituto IMH de Elgoibar la jornada denominada Hizkelan. En dicha jornada varios expertos hablaron sobre\",\"breadcrumb\":{\"@id\":\"https:\\\/\\\/harrobia.net\\\/es\\\/2016\\\/10\\\/el-19-de-octubre-se-celebro-en-elgoibar-la-jornada-gestion-del-idioma-y-euskara-en-la-empresa-y-en-la-formacion-profesional\\\/#breadcrumb\"},\"inLanguage\":\"es\",\"potentialAction\":[{\"@type\":\"ReadAction\",\"target\":[\"https:\\\/\\\/harrobia.net\\\/es\\\/2016\\\/10\\\/el-19-de-octubre-se-celebro-en-elgoibar-la-jornada-gestion-del-idioma-y-euskara-en-la-empresa-y-en-la-formacion-profesional\\\/\"]}]},{\"@type\":\"ImageObject\",\"inLanguage\":\"es\",\"@id\":\"https:\\\/\\\/harrobia.net\\\/es\\\/2016\\\/10\\\/el-19-de-octubre-se-celebro-en-elgoibar-la-jornada-gestion-del-idioma-y-euskara-en-la-empresa-y-en-la-formacion-profesional\\\/#primaryimage\",\"url\":\"https:\\\/\\\/harrobia.net\\\/wp-content\\\/uploads\\\/2016\\\/10\\\/20161019-Hizkelan-Elgoibar.jpg\",\"contentUrl\":\"https:\\\/\\\/harrobia.net\\\/wp-content\\\/uploads\\\/2016\\\/10\\\/20161019-Hizkelan-Elgoibar.jpg\",\"width\":1024,\"height\":576},{\"@type\":\"BreadcrumbList\",\"@id\":\"https:\\\/\\\/harrobia.net\\\/es\\\/2016\\\/10\\\/el-19-de-octubre-se-celebro-en-elgoibar-la-jornada-gestion-del-idioma-y-euskara-en-la-empresa-y-en-la-formacion-profesional\\\/#breadcrumb\",\"itemListElement\":[{\"@type\":\"ListItem\",\"position\":1,\"name\":\"Home\",\"item\":\"https:\\\/\\\/harrobia.net\\\/es\\\/\"},{\"@type\":\"ListItem\",\"position\":2,\"name\":\"El 19 de octubre se celebr\u00f3 en Elgoibar la jornada Gesti\u00f3n del Idioma y Euskara en la Empresa y en la Formaci\u00f3n Profesional\"}]},{\"@type\":\"WebSite\",\"@id\":\"https:\\\/\\\/harrobia.net\\\/#website\",\"url\":\"https:\\\/\\\/harrobia.net\\\/\",\"name\":\"Harrobia Ikastola\",\"description\":\"Harrobia Lanbide Heziketaren Ikastola\",\"publisher\":{\"@id\":\"https:\\\/\\\/harrobia.net\\\/#organization\"},\"potentialAction\":[{\"@type\":\"SearchAction\",\"target\":{\"@type\":\"EntryPoint\",\"urlTemplate\":\"https:\\\/\\\/harrobia.net\\\/?s={search_term_string}\"},\"query-input\":{\"@type\":\"PropertyValueSpecification\",\"valueRequired\":true,\"valueName\":\"search_term_string\"}}],\"inLanguage\":\"es\"},{\"@type\":\"Organization\",\"@id\":\"https:\\\/\\\/harrobia.net\\\/#organization\",\"name\":\"Harrobia Ikastola\",\"url\":\"https:\\\/\\\/harrobia.net\\\/\",\"logo\":{\"@type\":\"ImageObject\",\"inLanguage\":\"es\",\"@id\":\"https:\\\/\\\/harrobia.net\\\/#\\\/schema\\\/logo\\\/image\\\/\",\"url\":\"https:\\\/\\\/harrobia.net\\\/wp-content\\\/uploads\\\/2014\\\/07\\\/harrobia.png\",\"contentUrl\":\"https:\\\/\\\/harrobia.net\\\/wp-content\\\/uploads\\\/2014\\\/07\\\/harrobia.png\",\"width\":256,\"height\":71,\"caption\":\"Harrobia Ikastola\"},\"image\":{\"@id\":\"https:\\\/\\\/harrobia.net\\\/#\\\/schema\\\/logo\\\/image\\\/\"},\"sameAs\":[\"https:\\\/\\\/www.facebook.com\\\/HarrobiaIkastola\",\"https:\\\/\\\/x.com\\\/harrobiaikas\",\"https:\\\/\\\/www.instagram.com\\\/harrobiaikastola\",\"https:\\\/\\\/www.youtube.com\\\/user\\\/IbarezkerraBilbo\"]},{\"@type\":\"Person\",\"@id\":\"https:\\\/\\\/harrobia.net\\\/#\\\/schema\\\/person\\\/1d744cfed951cc4f6a3fca6f0b31f524\",\"name\":\"Harrobia\",\"image\":{\"@type\":\"ImageObject\",\"inLanguage\":\"es\",\"@id\":\"https:\\\/\\\/secure.gravatar.com\\\/avatar\\\/1612bf25e223eceb52dad98cf1059e32644be96e26361dd982cbd02be97556f3?s=96&d=mm&r=g\",\"url\":\"https:\\\/\\\/secure.gravatar.com\\\/avatar\\\/1612bf25e223eceb52dad98cf1059e32644be96e26361dd982cbd02be97556f3?s=96&d=mm&r=g\",\"contentUrl\":\"https:\\\/\\\/secure.gravatar.com\\\/avatar\\\/1612bf25e223eceb52dad98cf1059e32644be96e26361dd982cbd02be97556f3?s=96&d=mm&r=g\",\"caption\":\"Harrobia\"}}]}<\/script>\n<!-- \/ Yoast SEO plugin. -->","yoast_head_json":{"title":"El 19 de octubre se celebr\u00f3 en Elgoibar la jornada Gesti\u00f3n del Idioma y Euskara en la Empresa y en la Formaci\u00f3n Profesional - Harrobia | Lanbide heziketa Bizkaian","description":"El 19 de octubre, mi\u00e9rcoles, se celebr\u00f3 en el instituto IMH de Elgoibar la jornada denominada Hizkelan. En dicha jornada varios expertos hablaron sobre","robots":{"index":"index","follow":"follow","max-snippet":"max-snippet:-1","max-image-preview":"max-image-preview:large","max-video-preview":"max-video-preview:-1"},"canonical":"https:\/\/harrobia.net\/es\/2016\/10\/el-19-de-octubre-se-celebro-en-elgoibar-la-jornada-gestion-del-idioma-y-euskara-en-la-empresa-y-en-la-formacion-profesional\/","og_locale":"es_ES","og_type":"article","og_title":"El 19 de octubre se celebr\u00f3 en Elgoibar la jornada Gesti\u00f3n del Idioma y Euskara en la Empresa y en la Formaci\u00f3n Profesional - Harrobia | Lanbide heziketa Bizkaian","og_description":"El 19 de octubre, mi\u00e9rcoles, se celebr\u00f3 en el instituto IMH de Elgoibar la jornada denominada Hizkelan. En dicha jornada varios expertos hablaron sobre","og_url":"https:\/\/harrobia.net\/es\/2016\/10\/el-19-de-octubre-se-celebro-en-elgoibar-la-jornada-gestion-del-idioma-y-euskara-en-la-empresa-y-en-la-formacion-profesional\/","og_site_name":"Harrobia Ikastola","article_publisher":"https:\/\/www.facebook.com\/HarrobiaIkastola","article_published_time":"2016-10-27T12:00:58+00:00","article_modified_time":"2016-11-06T22:52:54+00:00","og_image":[{"width":1024,"height":576,"url":"https:\/\/harrobia.net\/wp-content\/uploads\/2016\/10\/20161019-Hizkelan-Elgoibar.jpg","type":"image\/jpeg"}],"author":"Harrobia","twitter_card":"summary_large_image","twitter_creator":"@harrobiaikas","twitter_site":"@harrobiaikas","twitter_misc":{"Escrito por":"Harrobia"},"schema":{"@context":"https:\/\/schema.org","@graph":[{"@type":"Article","@id":"https:\/\/harrobia.net\/es\/2016\/10\/el-19-de-octubre-se-celebro-en-elgoibar-la-jornada-gestion-del-idioma-y-euskara-en-la-empresa-y-en-la-formacion-profesional\/#article","isPartOf":{"@id":"https:\/\/harrobia.net\/es\/2016\/10\/el-19-de-octubre-se-celebro-en-elgoibar-la-jornada-gestion-del-idioma-y-euskara-en-la-empresa-y-en-la-formacion-profesional\/"},"author":{"name":"Harrobia","@id":"https:\/\/harrobia.net\/#\/schema\/person\/1d744cfed951cc4f6a3fca6f0b31f524"},"headline":"El 19 de octubre se celebr\u00f3 en Elgoibar la jornada Gesti\u00f3n del Idioma y Euskara en la Empresa y en la Formaci\u00f3n Profesional","datePublished":"2016-10-27T12:00:58+00:00","dateModified":"2016-11-06T22:52:54+00:00","mainEntityOfPage":{"@id":"https:\/\/harrobia.net\/es\/2016\/10\/el-19-de-octubre-se-celebro-en-elgoibar-la-jornada-gestion-del-idioma-y-euskara-en-la-empresa-y-en-la-formacion-profesional\/"},"wordCount":123,"publisher":{"@id":"https:\/\/harrobia.net\/#organization"},"image":{"@id":"https:\/\/harrobia.net\/es\/2016\/10\/el-19-de-octubre-se-celebro-en-elgoibar-la-jornada-gestion-del-idioma-y-euskara-en-la-empresa-y-en-la-formacion-profesional\/#primaryimage"},"thumbnailUrl":"https:\/\/harrobia.net\/wp-content\/uploads\/2016\/10\/20161019-Hizkelan-Elgoibar.jpg","articleSection":["Sin categorizar"],"inLanguage":"es"},{"@type":"WebPage","@id":"https:\/\/harrobia.net\/es\/2016\/10\/el-19-de-octubre-se-celebro-en-elgoibar-la-jornada-gestion-del-idioma-y-euskara-en-la-empresa-y-en-la-formacion-profesional\/","url":"https:\/\/harrobia.net\/es\/2016\/10\/el-19-de-octubre-se-celebro-en-elgoibar-la-jornada-gestion-del-idioma-y-euskara-en-la-empresa-y-en-la-formacion-profesional\/","name":"El 19 de octubre se celebr\u00f3 en Elgoibar la jornada Gesti\u00f3n del Idioma y Euskara en la Empresa y en la Formaci\u00f3n Profesional - Harrobia | Lanbide heziketa Bizkaian","isPartOf":{"@id":"https:\/\/harrobia.net\/#website"},"primaryImageOfPage":{"@id":"https:\/\/harrobia.net\/es\/2016\/10\/el-19-de-octubre-se-celebro-en-elgoibar-la-jornada-gestion-del-idioma-y-euskara-en-la-empresa-y-en-la-formacion-profesional\/#primaryimage"},"image":{"@id":"https:\/\/harrobia.net\/es\/2016\/10\/el-19-de-octubre-se-celebro-en-elgoibar-la-jornada-gestion-del-idioma-y-euskara-en-la-empresa-y-en-la-formacion-profesional\/#primaryimage"},"thumbnailUrl":"https:\/\/harrobia.net\/wp-content\/uploads\/2016\/10\/20161019-Hizkelan-Elgoibar.jpg","datePublished":"2016-10-27T12:00:58+00:00","dateModified":"2016-11-06T22:52:54+00:00","description":"El 19 de octubre, mi\u00e9rcoles, se celebr\u00f3 en el instituto IMH de Elgoibar la jornada denominada Hizkelan. En dicha jornada varios expertos hablaron sobre","breadcrumb":{"@id":"https:\/\/harrobia.net\/es\/2016\/10\/el-19-de-octubre-se-celebro-en-elgoibar-la-jornada-gestion-del-idioma-y-euskara-en-la-empresa-y-en-la-formacion-profesional\/#breadcrumb"},"inLanguage":"es","potentialAction":[{"@type":"ReadAction","target":["https:\/\/harrobia.net\/es\/2016\/10\/el-19-de-octubre-se-celebro-en-elgoibar-la-jornada-gestion-del-idioma-y-euskara-en-la-empresa-y-en-la-formacion-profesional\/"]}]},{"@type":"ImageObject","inLanguage":"es","@id":"https:\/\/harrobia.net\/es\/2016\/10\/el-19-de-octubre-se-celebro-en-elgoibar-la-jornada-gestion-del-idioma-y-euskara-en-la-empresa-y-en-la-formacion-profesional\/#primaryimage","url":"https:\/\/harrobia.net\/wp-content\/uploads\/2016\/10\/20161019-Hizkelan-Elgoibar.jpg","contentUrl":"https:\/\/harrobia.net\/wp-content\/uploads\/2016\/10\/20161019-Hizkelan-Elgoibar.jpg","width":1024,"height":576},{"@type":"BreadcrumbList","@id":"https:\/\/harrobia.net\/es\/2016\/10\/el-19-de-octubre-se-celebro-en-elgoibar-la-jornada-gestion-del-idioma-y-euskara-en-la-empresa-y-en-la-formacion-profesional\/#breadcrumb","itemListElement":[{"@type":"ListItem","position":1,"name":"Home","item":"https:\/\/harrobia.net\/es\/"},{"@type":"ListItem","position":2,"name":"El 19 de octubre se celebr\u00f3 en Elgoibar la jornada Gesti\u00f3n del Idioma y Euskara en la Empresa y en la Formaci\u00f3n Profesional"}]},{"@type":"WebSite","@id":"https:\/\/harrobia.net\/#website","url":"https:\/\/harrobia.net\/","name":"Harrobia Ikastola","description":"Harrobia Lanbide Heziketaren Ikastola","publisher":{"@id":"https:\/\/harrobia.net\/#organization"},"potentialAction":[{"@type":"SearchAction","target":{"@type":"EntryPoint","urlTemplate":"https:\/\/harrobia.net\/?s={search_term_string}"},"query-input":{"@type":"PropertyValueSpecification","valueRequired":true,"valueName":"search_term_string"}}],"inLanguage":"es"},{"@type":"Organization","@id":"https:\/\/harrobia.net\/#organization","name":"Harrobia Ikastola","url":"https:\/\/harrobia.net\/","logo":{"@type":"ImageObject","inLanguage":"es","@id":"https:\/\/harrobia.net\/#\/schema\/logo\/image\/","url":"https:\/\/harrobia.net\/wp-content\/uploads\/2014\/07\/harrobia.png","contentUrl":"https:\/\/harrobia.net\/wp-content\/uploads\/2014\/07\/harrobia.png","width":256,"height":71,"caption":"Harrobia Ikastola"},"image":{"@id":"https:\/\/harrobia.net\/#\/schema\/logo\/image\/"},"sameAs":["https:\/\/www.facebook.com\/HarrobiaIkastola","https:\/\/x.com\/harrobiaikas","https:\/\/www.instagram.com\/harrobiaikastola","https:\/\/www.youtube.com\/user\/IbarezkerraBilbo"]},{"@type":"Person","@id":"https:\/\/harrobia.net\/#\/schema\/person\/1d744cfed951cc4f6a3fca6f0b31f524","name":"Harrobia","image":{"@type":"ImageObject","inLanguage":"es","@id":"https:\/\/secure.gravatar.com\/avatar\/1612bf25e223eceb52dad98cf1059e32644be96e26361dd982cbd02be97556f3?s=96&d=mm&r=g","url":"https:\/\/secure.gravatar.com\/avatar\/1612bf25e223eceb52dad98cf1059e32644be96e26361dd982cbd02be97556f3?s=96&d=mm&r=g","contentUrl":"https:\/\/secure.gravatar.com\/avatar\/1612bf25e223eceb52dad98cf1059e32644be96e26361dd982cbd02be97556f3?s=96&d=mm&r=g","caption":"Harrobia"}}]}},"jetpack_featured_media_url":"https:\/\/harrobia.net\/wp-content\/uploads\/2016\/10\/20161019-Hizkelan-Elgoibar.jpg","jetpack_sharing_enabled":true,"_links":{"self":[{"href":"https:\/\/harrobia.net\/es\/wp-json\/wp\/v2\/posts\/9814","targetHints":{"allow":["GET"]}}],"collection":[{"href":"https:\/\/harrobia.net\/es\/wp-json\/wp\/v2\/posts"}],"about":[{"href":"https:\/\/harrobia.net\/es\/wp-json\/wp\/v2\/types\/post"}],"author":[{"embeddable":true,"href":"https:\/\/harrobia.net\/es\/wp-json\/wp\/v2\/users\/6"}],"replies":[{"embeddable":true,"href":"https:\/\/harrobia.net\/es\/wp-json\/wp\/v2\/comments?post=9814"}],"version-history":[{"count":1,"href":"https:\/\/harrobia.net\/es\/wp-json\/wp\/v2\/posts\/9814\/revisions"}],"predecessor-version":[{"id":9815,"href":"https:\/\/harrobia.net\/es\/wp-json\/wp\/v2\/posts\/9814\/revisions\/9815"}],"wp:featuredmedia":[{"embeddable":true,"href":"https:\/\/harrobia.net\/es\/wp-json\/wp\/v2\/media\/9812"}],"wp:attachment":[{"href":"https:\/\/harrobia.net\/es\/wp-json\/wp\/v2\/media?parent=9814"}],"wp:term":[{"taxonomy":"category","embeddable":true,"href":"https:\/\/harrobia.net\/es\/wp-json\/wp\/v2\/categories?post=9814"},{"taxonomy":"post_tag","embeddable":true,"href":"https:\/\/harrobia.net\/es\/wp-json\/wp\/v2\/tags?post=9814"}],"curies":[{"name":"wp","href":"https:\/\/api.w.org\/{rel}","templated":true}]}}