{"id":7679,"date":"2015-04-03T12:00:32","date_gmt":"2015-04-03T10:00:32","guid":{"rendered":"http:\/\/harrobia.net\/?p=7679"},"modified":"2015-04-17T01:06:47","modified_gmt":"2015-04-16T23:06:47","slug":"harrobia-tambien-porta-el-testigo-en-la-19a-edicion-de-la-korrika","status":"publish","type":"post","link":"https:\/\/harrobia.net\/es\/2015\/04\/harrobia-tambien-porta-el-testigo-en-la-19a-edicion-de-la-korrika\/","title":{"rendered":"Harrobia tambi\u00e9n porta el testigo en la 19\u00aa edici\u00f3n de la Korrika"},"content":{"rendered":"<p><a href=\"http:\/\/harrobia.net\/wp-content\/uploads\/2015\/04\/Korrika2015_2.jpg\"><img loading=\"lazy\" decoding=\"async\" class=\" size-thumbnail wp-image-7676 alignleft\" src=\"http:\/\/harrobia.net\/wp-content\/uploads\/2015\/04\/Korrika2015_2-150x150.jpg\" alt=\"Korrika2015_2\" width=\"150\" height=\"150\" srcset=\"https:\/\/harrobia.net\/wp-content\/uploads\/2015\/04\/Korrika2015_2-150x150.jpg 150w, https:\/\/harrobia.net\/wp-content\/uploads\/2015\/04\/Korrika2015_2-750x750.jpg 750w\" sizes=\"(max-width: 150px) 100vw, 150px\" \/><\/a>El 29 de marzo finaliz\u00f3 la Korrika en Bilbao. Como en a\u00f1os\u00a0anteriores, tambi\u00e9n en esta edici\u00f3n, Harrobia ikastola ha querido demostrar su compromiso con la normalizaci\u00f3n del euskara comprando un kil\u00f3metro de la Korrika. En esta ocasi\u00f3n, los alumnos del ciclo de deporte han tenido la oportunidad de llevar el testigo, y \u00a1qu\u00e9 bien lo han hecho! <a href=\"https:\/\/www.youtube.com\/watch?v=vHvYhYGfXj0&amp;feature=youtu.be\" target=\"_blank\">Ver<\/a> v\u00eddeo.<\/p>\n<p>El d\u00eda sigui\u00f3 su curso en el Casco Viejo con una agenda repleta de actividades. \u00a1Nos vemos dentro de dos a\u00f1os!<\/p>\n<span class=\"et_bloom_bottom_trigger\"><\/span>","protected":false},"excerpt":{"rendered":"<p>El 29 de marzo finaliz\u00f3 la Korrika en Bilbao. Como en a\u00f1os\u00a0anteriores, tambi\u00e9n en esta edici\u00f3n, Harrobia ikastola ha querido demostrar su compromiso con la normalizaci\u00f3n del euskara comprando un kil\u00f3metro de la Korrika. En esta ocasi\u00f3n, los alumnos del ciclo de deporte han tenido la oportunidad de llevar el testigo, y \u00a1qu\u00e9 bien lo [&hellip;]<\/p>\n","protected":false},"author":6,"featured_media":7677,"comment_status":"closed","ping_status":"open","sticky":false,"template":"","format":"image","meta":{"_acf_changed":false,"_et_pb_use_builder":"","_et_pb_old_content":"","_et_gb_content_width":"","_jetpack_memberships_contains_paid_content":false,"_joinchat":[],"footnotes":""},"categories":[3],"tags":[],"class_list":["post-7679","post","type-post","status-publish","format-image","has-post-thumbnail","hentry","category-sin-categorizar","post_format-post-format-image"],"acf":[],"yoast_head":"<!-- This site is optimized with the Yoast SEO plugin v27.3 - https:\/\/yoast.com\/product\/yoast-seo-wordpress\/ -->\n<title>Harrobia tambi\u00e9n porta el testigo en la 19\u00aa edici\u00f3n de la Korrika - Harrobia | Lanbide heziketa Bizkaian<\/title>\n<meta name=\"description\" content=\"El 29 de marzo finaliz\u00f3 la Korrika en Bilbao. Como en a\u00f1os\u00a0anteriores, tambi\u00e9n en esta edici\u00f3n, Harrobia ikastola ha querido demostrar su compromiso con\" \/>\n<meta name=\"robots\" content=\"index, follow, max-snippet:-1, max-image-preview:large, max-video-preview:-1\" \/>\n<link rel=\"canonical\" href=\"https:\/\/harrobia.net\/es\/2015\/04\/harrobia-tambien-porta-el-testigo-en-la-19a-edicion-de-la-korrika\/\" \/>\n<meta property=\"og:locale\" content=\"es_ES\" \/>\n<meta property=\"og:type\" content=\"article\" \/>\n<meta property=\"og:title\" content=\"Harrobia tambi\u00e9n porta el testigo en la 19\u00aa edici\u00f3n de la Korrika - Harrobia | Lanbide heziketa Bizkaian\" \/>\n<meta property=\"og:description\" content=\"El 29 de marzo finaliz\u00f3 la Korrika en Bilbao. Como en a\u00f1os\u00a0anteriores, tambi\u00e9n en esta edici\u00f3n, Harrobia ikastola ha querido demostrar su compromiso con\" \/>\n<meta property=\"og:url\" content=\"https:\/\/harrobia.net\/es\/2015\/04\/harrobia-tambien-porta-el-testigo-en-la-19a-edicion-de-la-korrika\/\" \/>\n<meta property=\"og:site_name\" content=\"Harrobia Ikastola\" \/>\n<meta property=\"article:publisher\" content=\"https:\/\/www.facebook.com\/HarrobiaIkastola\" \/>\n<meta property=\"article:published_time\" content=\"2015-04-03T10:00:32+00:00\" \/>\n<meta property=\"article:modified_time\" content=\"2015-04-16T23:06:47+00:00\" \/>\n<meta property=\"og:image\" content=\"https:\/\/harrobia.net\/wp-content\/uploads\/2015\/04\/Korrika2015_1.jpg\" \/>\n\t<meta property=\"og:image:width\" content=\"1024\" \/>\n\t<meta property=\"og:image:height\" content=\"768\" \/>\n\t<meta property=\"og:image:type\" content=\"image\/jpeg\" \/>\n<meta name=\"author\" content=\"Harrobia\" \/>\n<meta name=\"twitter:card\" content=\"summary_large_image\" \/>\n<meta name=\"twitter:creator\" content=\"@harrobiaikas\" \/>\n<meta name=\"twitter:site\" content=\"@harrobiaikas\" \/>\n<meta name=\"twitter:label1\" content=\"Escrito por\" \/>\n\t<meta name=\"twitter:data1\" content=\"Harrobia\" \/>\n<script type=\"application\/ld+json\" class=\"yoast-schema-graph\">{\"@context\":\"https:\\\/\\\/schema.org\",\"@graph\":[{\"@type\":\"Article\",\"@id\":\"https:\\\/\\\/harrobia.net\\\/es\\\/2015\\\/04\\\/harrobia-tambien-porta-el-testigo-en-la-19a-edicion-de-la-korrika\\\/#article\",\"isPartOf\":{\"@id\":\"https:\\\/\\\/harrobia.net\\\/es\\\/2015\\\/04\\\/harrobia-tambien-porta-el-testigo-en-la-19a-edicion-de-la-korrika\\\/\"},\"author\":{\"name\":\"Harrobia\",\"@id\":\"https:\\\/\\\/harrobia.net\\\/#\\\/schema\\\/person\\\/1d744cfed951cc4f6a3fca6f0b31f524\"},\"headline\":\"Harrobia tambi\u00e9n porta el testigo en la 19\u00aa edici\u00f3n de la Korrika\",\"datePublished\":\"2015-04-03T10:00:32+00:00\",\"dateModified\":\"2015-04-16T23:06:47+00:00\",\"mainEntityOfPage\":{\"@id\":\"https:\\\/\\\/harrobia.net\\\/es\\\/2015\\\/04\\\/harrobia-tambien-porta-el-testigo-en-la-19a-edicion-de-la-korrika\\\/\"},\"wordCount\":102,\"publisher\":{\"@id\":\"https:\\\/\\\/harrobia.net\\\/#organization\"},\"image\":{\"@id\":\"https:\\\/\\\/harrobia.net\\\/es\\\/2015\\\/04\\\/harrobia-tambien-porta-el-testigo-en-la-19a-edicion-de-la-korrika\\\/#primaryimage\"},\"thumbnailUrl\":\"https:\\\/\\\/harrobia.net\\\/wp-content\\\/uploads\\\/2015\\\/04\\\/Korrika2015_1.jpg\",\"articleSection\":[\"Sin categorizar\"],\"inLanguage\":\"es\"},{\"@type\":\"WebPage\",\"@id\":\"https:\\\/\\\/harrobia.net\\\/es\\\/2015\\\/04\\\/harrobia-tambien-porta-el-testigo-en-la-19a-edicion-de-la-korrika\\\/\",\"url\":\"https:\\\/\\\/harrobia.net\\\/es\\\/2015\\\/04\\\/harrobia-tambien-porta-el-testigo-en-la-19a-edicion-de-la-korrika\\\/\",\"name\":\"Harrobia tambi\u00e9n porta el testigo en la 19\u00aa edici\u00f3n de la Korrika - Harrobia | Lanbide heziketa Bizkaian\",\"isPartOf\":{\"@id\":\"https:\\\/\\\/harrobia.net\\\/#website\"},\"primaryImageOfPage\":{\"@id\":\"https:\\\/\\\/harrobia.net\\\/es\\\/2015\\\/04\\\/harrobia-tambien-porta-el-testigo-en-la-19a-edicion-de-la-korrika\\\/#primaryimage\"},\"image\":{\"@id\":\"https:\\\/\\\/harrobia.net\\\/es\\\/2015\\\/04\\\/harrobia-tambien-porta-el-testigo-en-la-19a-edicion-de-la-korrika\\\/#primaryimage\"},\"thumbnailUrl\":\"https:\\\/\\\/harrobia.net\\\/wp-content\\\/uploads\\\/2015\\\/04\\\/Korrika2015_1.jpg\",\"datePublished\":\"2015-04-03T10:00:32+00:00\",\"dateModified\":\"2015-04-16T23:06:47+00:00\",\"description\":\"El 29 de marzo finaliz\u00f3 la Korrika en Bilbao. Como en a\u00f1os\u00a0anteriores, tambi\u00e9n en esta edici\u00f3n, Harrobia ikastola ha querido demostrar su compromiso con\",\"breadcrumb\":{\"@id\":\"https:\\\/\\\/harrobia.net\\\/es\\\/2015\\\/04\\\/harrobia-tambien-porta-el-testigo-en-la-19a-edicion-de-la-korrika\\\/#breadcrumb\"},\"inLanguage\":\"es\",\"potentialAction\":[{\"@type\":\"ReadAction\",\"target\":[\"https:\\\/\\\/harrobia.net\\\/es\\\/2015\\\/04\\\/harrobia-tambien-porta-el-testigo-en-la-19a-edicion-de-la-korrika\\\/\"]}]},{\"@type\":\"ImageObject\",\"inLanguage\":\"es\",\"@id\":\"https:\\\/\\\/harrobia.net\\\/es\\\/2015\\\/04\\\/harrobia-tambien-porta-el-testigo-en-la-19a-edicion-de-la-korrika\\\/#primaryimage\",\"url\":\"https:\\\/\\\/harrobia.net\\\/wp-content\\\/uploads\\\/2015\\\/04\\\/Korrika2015_1.jpg\",\"contentUrl\":\"https:\\\/\\\/harrobia.net\\\/wp-content\\\/uploads\\\/2015\\\/04\\\/Korrika2015_1.jpg\",\"width\":1024,\"height\":768},{\"@type\":\"BreadcrumbList\",\"@id\":\"https:\\\/\\\/harrobia.net\\\/es\\\/2015\\\/04\\\/harrobia-tambien-porta-el-testigo-en-la-19a-edicion-de-la-korrika\\\/#breadcrumb\",\"itemListElement\":[{\"@type\":\"ListItem\",\"position\":1,\"name\":\"Home\",\"item\":\"https:\\\/\\\/harrobia.net\\\/es\\\/\"},{\"@type\":\"ListItem\",\"position\":2,\"name\":\"Harrobia tambi\u00e9n porta el testigo en la 19\u00aa edici\u00f3n de la Korrika\"}]},{\"@type\":\"WebSite\",\"@id\":\"https:\\\/\\\/harrobia.net\\\/#website\",\"url\":\"https:\\\/\\\/harrobia.net\\\/\",\"name\":\"Harrobia Ikastola\",\"description\":\"Harrobia Lanbide Heziketaren Ikastola\",\"publisher\":{\"@id\":\"https:\\\/\\\/harrobia.net\\\/#organization\"},\"potentialAction\":[{\"@type\":\"SearchAction\",\"target\":{\"@type\":\"EntryPoint\",\"urlTemplate\":\"https:\\\/\\\/harrobia.net\\\/?s={search_term_string}\"},\"query-input\":{\"@type\":\"PropertyValueSpecification\",\"valueRequired\":true,\"valueName\":\"search_term_string\"}}],\"inLanguage\":\"es\"},{\"@type\":\"Organization\",\"@id\":\"https:\\\/\\\/harrobia.net\\\/#organization\",\"name\":\"Harrobia Ikastola\",\"url\":\"https:\\\/\\\/harrobia.net\\\/\",\"logo\":{\"@type\":\"ImageObject\",\"inLanguage\":\"es\",\"@id\":\"https:\\\/\\\/harrobia.net\\\/#\\\/schema\\\/logo\\\/image\\\/\",\"url\":\"https:\\\/\\\/harrobia.net\\\/wp-content\\\/uploads\\\/2014\\\/07\\\/harrobia.png\",\"contentUrl\":\"https:\\\/\\\/harrobia.net\\\/wp-content\\\/uploads\\\/2014\\\/07\\\/harrobia.png\",\"width\":256,\"height\":71,\"caption\":\"Harrobia Ikastola\"},\"image\":{\"@id\":\"https:\\\/\\\/harrobia.net\\\/#\\\/schema\\\/logo\\\/image\\\/\"},\"sameAs\":[\"https:\\\/\\\/www.facebook.com\\\/HarrobiaIkastola\",\"https:\\\/\\\/x.com\\\/harrobiaikas\",\"https:\\\/\\\/www.instagram.com\\\/harrobiaikastola\",\"https:\\\/\\\/www.youtube.com\\\/user\\\/IbarezkerraBilbo\"]},{\"@type\":\"Person\",\"@id\":\"https:\\\/\\\/harrobia.net\\\/#\\\/schema\\\/person\\\/1d744cfed951cc4f6a3fca6f0b31f524\",\"name\":\"Harrobia\",\"image\":{\"@type\":\"ImageObject\",\"inLanguage\":\"es\",\"@id\":\"https:\\\/\\\/secure.gravatar.com\\\/avatar\\\/1612bf25e223eceb52dad98cf1059e32644be96e26361dd982cbd02be97556f3?s=96&d=mm&r=g\",\"url\":\"https:\\\/\\\/secure.gravatar.com\\\/avatar\\\/1612bf25e223eceb52dad98cf1059e32644be96e26361dd982cbd02be97556f3?s=96&d=mm&r=g\",\"contentUrl\":\"https:\\\/\\\/secure.gravatar.com\\\/avatar\\\/1612bf25e223eceb52dad98cf1059e32644be96e26361dd982cbd02be97556f3?s=96&d=mm&r=g\",\"caption\":\"Harrobia\"}}]}<\/script>\n<!-- \/ Yoast SEO plugin. -->","yoast_head_json":{"title":"Harrobia tambi\u00e9n porta el testigo en la 19\u00aa edici\u00f3n de la Korrika - Harrobia | Lanbide heziketa Bizkaian","description":"El 29 de marzo finaliz\u00f3 la Korrika en Bilbao. Como en a\u00f1os\u00a0anteriores, tambi\u00e9n en esta edici\u00f3n, Harrobia ikastola ha querido demostrar su compromiso con","robots":{"index":"index","follow":"follow","max-snippet":"max-snippet:-1","max-image-preview":"max-image-preview:large","max-video-preview":"max-video-preview:-1"},"canonical":"https:\/\/harrobia.net\/es\/2015\/04\/harrobia-tambien-porta-el-testigo-en-la-19a-edicion-de-la-korrika\/","og_locale":"es_ES","og_type":"article","og_title":"Harrobia tambi\u00e9n porta el testigo en la 19\u00aa edici\u00f3n de la Korrika - Harrobia | Lanbide heziketa Bizkaian","og_description":"El 29 de marzo finaliz\u00f3 la Korrika en Bilbao. Como en a\u00f1os\u00a0anteriores, tambi\u00e9n en esta edici\u00f3n, Harrobia ikastola ha querido demostrar su compromiso con","og_url":"https:\/\/harrobia.net\/es\/2015\/04\/harrobia-tambien-porta-el-testigo-en-la-19a-edicion-de-la-korrika\/","og_site_name":"Harrobia Ikastola","article_publisher":"https:\/\/www.facebook.com\/HarrobiaIkastola","article_published_time":"2015-04-03T10:00:32+00:00","article_modified_time":"2015-04-16T23:06:47+00:00","og_image":[{"width":1024,"height":768,"url":"https:\/\/harrobia.net\/wp-content\/uploads\/2015\/04\/Korrika2015_1.jpg","type":"image\/jpeg"}],"author":"Harrobia","twitter_card":"summary_large_image","twitter_creator":"@harrobiaikas","twitter_site":"@harrobiaikas","twitter_misc":{"Escrito por":"Harrobia"},"schema":{"@context":"https:\/\/schema.org","@graph":[{"@type":"Article","@id":"https:\/\/harrobia.net\/es\/2015\/04\/harrobia-tambien-porta-el-testigo-en-la-19a-edicion-de-la-korrika\/#article","isPartOf":{"@id":"https:\/\/harrobia.net\/es\/2015\/04\/harrobia-tambien-porta-el-testigo-en-la-19a-edicion-de-la-korrika\/"},"author":{"name":"Harrobia","@id":"https:\/\/harrobia.net\/#\/schema\/person\/1d744cfed951cc4f6a3fca6f0b31f524"},"headline":"Harrobia tambi\u00e9n porta el testigo en la 19\u00aa edici\u00f3n de la Korrika","datePublished":"2015-04-03T10:00:32+00:00","dateModified":"2015-04-16T23:06:47+00:00","mainEntityOfPage":{"@id":"https:\/\/harrobia.net\/es\/2015\/04\/harrobia-tambien-porta-el-testigo-en-la-19a-edicion-de-la-korrika\/"},"wordCount":102,"publisher":{"@id":"https:\/\/harrobia.net\/#organization"},"image":{"@id":"https:\/\/harrobia.net\/es\/2015\/04\/harrobia-tambien-porta-el-testigo-en-la-19a-edicion-de-la-korrika\/#primaryimage"},"thumbnailUrl":"https:\/\/harrobia.net\/wp-content\/uploads\/2015\/04\/Korrika2015_1.jpg","articleSection":["Sin categorizar"],"inLanguage":"es"},{"@type":"WebPage","@id":"https:\/\/harrobia.net\/es\/2015\/04\/harrobia-tambien-porta-el-testigo-en-la-19a-edicion-de-la-korrika\/","url":"https:\/\/harrobia.net\/es\/2015\/04\/harrobia-tambien-porta-el-testigo-en-la-19a-edicion-de-la-korrika\/","name":"Harrobia tambi\u00e9n porta el testigo en la 19\u00aa edici\u00f3n de la Korrika - Harrobia | Lanbide heziketa Bizkaian","isPartOf":{"@id":"https:\/\/harrobia.net\/#website"},"primaryImageOfPage":{"@id":"https:\/\/harrobia.net\/es\/2015\/04\/harrobia-tambien-porta-el-testigo-en-la-19a-edicion-de-la-korrika\/#primaryimage"},"image":{"@id":"https:\/\/harrobia.net\/es\/2015\/04\/harrobia-tambien-porta-el-testigo-en-la-19a-edicion-de-la-korrika\/#primaryimage"},"thumbnailUrl":"https:\/\/harrobia.net\/wp-content\/uploads\/2015\/04\/Korrika2015_1.jpg","datePublished":"2015-04-03T10:00:32+00:00","dateModified":"2015-04-16T23:06:47+00:00","description":"El 29 de marzo finaliz\u00f3 la Korrika en Bilbao. Como en a\u00f1os\u00a0anteriores, tambi\u00e9n en esta edici\u00f3n, Harrobia ikastola ha querido demostrar su compromiso con","breadcrumb":{"@id":"https:\/\/harrobia.net\/es\/2015\/04\/harrobia-tambien-porta-el-testigo-en-la-19a-edicion-de-la-korrika\/#breadcrumb"},"inLanguage":"es","potentialAction":[{"@type":"ReadAction","target":["https:\/\/harrobia.net\/es\/2015\/04\/harrobia-tambien-porta-el-testigo-en-la-19a-edicion-de-la-korrika\/"]}]},{"@type":"ImageObject","inLanguage":"es","@id":"https:\/\/harrobia.net\/es\/2015\/04\/harrobia-tambien-porta-el-testigo-en-la-19a-edicion-de-la-korrika\/#primaryimage","url":"https:\/\/harrobia.net\/wp-content\/uploads\/2015\/04\/Korrika2015_1.jpg","contentUrl":"https:\/\/harrobia.net\/wp-content\/uploads\/2015\/04\/Korrika2015_1.jpg","width":1024,"height":768},{"@type":"BreadcrumbList","@id":"https:\/\/harrobia.net\/es\/2015\/04\/harrobia-tambien-porta-el-testigo-en-la-19a-edicion-de-la-korrika\/#breadcrumb","itemListElement":[{"@type":"ListItem","position":1,"name":"Home","item":"https:\/\/harrobia.net\/es\/"},{"@type":"ListItem","position":2,"name":"Harrobia tambi\u00e9n porta el testigo en la 19\u00aa edici\u00f3n de la Korrika"}]},{"@type":"WebSite","@id":"https:\/\/harrobia.net\/#website","url":"https:\/\/harrobia.net\/","name":"Harrobia Ikastola","description":"Harrobia Lanbide Heziketaren Ikastola","publisher":{"@id":"https:\/\/harrobia.net\/#organization"},"potentialAction":[{"@type":"SearchAction","target":{"@type":"EntryPoint","urlTemplate":"https:\/\/harrobia.net\/?s={search_term_string}"},"query-input":{"@type":"PropertyValueSpecification","valueRequired":true,"valueName":"search_term_string"}}],"inLanguage":"es"},{"@type":"Organization","@id":"https:\/\/harrobia.net\/#organization","name":"Harrobia Ikastola","url":"https:\/\/harrobia.net\/","logo":{"@type":"ImageObject","inLanguage":"es","@id":"https:\/\/harrobia.net\/#\/schema\/logo\/image\/","url":"https:\/\/harrobia.net\/wp-content\/uploads\/2014\/07\/harrobia.png","contentUrl":"https:\/\/harrobia.net\/wp-content\/uploads\/2014\/07\/harrobia.png","width":256,"height":71,"caption":"Harrobia Ikastola"},"image":{"@id":"https:\/\/harrobia.net\/#\/schema\/logo\/image\/"},"sameAs":["https:\/\/www.facebook.com\/HarrobiaIkastola","https:\/\/x.com\/harrobiaikas","https:\/\/www.instagram.com\/harrobiaikastola","https:\/\/www.youtube.com\/user\/IbarezkerraBilbo"]},{"@type":"Person","@id":"https:\/\/harrobia.net\/#\/schema\/person\/1d744cfed951cc4f6a3fca6f0b31f524","name":"Harrobia","image":{"@type":"ImageObject","inLanguage":"es","@id":"https:\/\/secure.gravatar.com\/avatar\/1612bf25e223eceb52dad98cf1059e32644be96e26361dd982cbd02be97556f3?s=96&d=mm&r=g","url":"https:\/\/secure.gravatar.com\/avatar\/1612bf25e223eceb52dad98cf1059e32644be96e26361dd982cbd02be97556f3?s=96&d=mm&r=g","contentUrl":"https:\/\/secure.gravatar.com\/avatar\/1612bf25e223eceb52dad98cf1059e32644be96e26361dd982cbd02be97556f3?s=96&d=mm&r=g","caption":"Harrobia"}}]}},"jetpack_featured_media_url":"https:\/\/harrobia.net\/wp-content\/uploads\/2015\/04\/Korrika2015_1.jpg","jetpack_sharing_enabled":true,"_links":{"self":[{"href":"https:\/\/harrobia.net\/es\/wp-json\/wp\/v2\/posts\/7679","targetHints":{"allow":["GET"]}}],"collection":[{"href":"https:\/\/harrobia.net\/es\/wp-json\/wp\/v2\/posts"}],"about":[{"href":"https:\/\/harrobia.net\/es\/wp-json\/wp\/v2\/types\/post"}],"author":[{"embeddable":true,"href":"https:\/\/harrobia.net\/es\/wp-json\/wp\/v2\/users\/6"}],"replies":[{"embeddable":true,"href":"https:\/\/harrobia.net\/es\/wp-json\/wp\/v2\/comments?post=7679"}],"version-history":[{"count":3,"href":"https:\/\/harrobia.net\/es\/wp-json\/wp\/v2\/posts\/7679\/revisions"}],"predecessor-version":[{"id":7689,"href":"https:\/\/harrobia.net\/es\/wp-json\/wp\/v2\/posts\/7679\/revisions\/7689"}],"wp:featuredmedia":[{"embeddable":true,"href":"https:\/\/harrobia.net\/es\/wp-json\/wp\/v2\/media\/7677"}],"wp:attachment":[{"href":"https:\/\/harrobia.net\/es\/wp-json\/wp\/v2\/media?parent=7679"}],"wp:term":[{"taxonomy":"category","embeddable":true,"href":"https:\/\/harrobia.net\/es\/wp-json\/wp\/v2\/categories?post=7679"},{"taxonomy":"post_tag","embeddable":true,"href":"https:\/\/harrobia.net\/es\/wp-json\/wp\/v2\/tags?post=7679"}],"curies":[{"name":"wp","href":"https:\/\/api.w.org\/{rel}","templated":true}]}}