{"id":55941,"date":"2022-11-25T15:17:40","date_gmt":"2022-11-25T14:17:40","guid":{"rendered":"https:\/\/harrobia.net\/?p=55941"},"modified":"2025-11-25T15:18:42","modified_gmt":"2025-11-25T14:18:42","slug":"eta-zuk-ikusten-duzu-kanpaina-indarkeria-ezkutuaren-aurkako-sentsibilizazioa","status":"publish","type":"post","link":"https:\/\/harrobia.net\/es\/2022\/11\/eta-zuk-ikusten-duzu-kanpaina-indarkeria-ezkutuaren-aurkako-sentsibilizazioa\/","title":{"rendered":"Campa\u00f1a \u201c\u00bfY t\u00fa\u2026 lo ves?\u201d: sensibilizaci\u00f3n contra la violencia oculta"},"content":{"rendered":"<p data-start=\"1241\" data-end=\"1619\">Con motivo del <strong data-start=\"1256\" data-end=\"1263\">25N<\/strong>, D\u00eda Internacional de la Eliminaci\u00f3n de la Violencia contra la Mujer, se ha lanzado la campa\u00f1a <strong data-start=\"1359\" data-end=\"1446\">\u201c\u00bfY t\u00fa\u2026 lo ves? Solo una sociedad atenta puede detectar la violencia m\u00e1s invisible\u201d<\/strong>. Su principal objetivo es sensibilizar a la sociedad sobre las situaciones de <strong data-start=\"1525\" data-end=\"1548\">violencia cotidiana<\/strong>, que a menudo est\u00e1n <strong data-start=\"1569\" data-end=\"1585\">normalizadas<\/strong> y no se reconocen como violencia.<\/p>\n<p data-start=\"1621\" data-end=\"1995\">La campa\u00f1a promueve la <strong data-start=\"1644\" data-end=\"1680\">reflexi\u00f3n sobre la invisibilidad<\/strong> y <strong data-start=\"1683\" data-end=\"1703\">desnormalizaci\u00f3n<\/strong> de la violencia machista, invitando a identificar las situaciones de violencia en nuestras relaciones diarias y a actuar frente a ellas. <strong data-start=\"1841\" data-end=\"1862\">Harrobia Ikastola<\/strong>, como proyecto educativo que fomenta <strong data-start=\"1900\" data-end=\"1947\">el empoderamiento y la creatividad femenina<\/strong>, apoya y difunde los objetivos de esta campa\u00f1a.<\/p>\n<p data-start=\"1997\" data-end=\"2095\"><strong data-start=\"1997\" data-end=\"2016\">M\u00e1s informaci\u00f3n<\/strong>:<br data-start=\"2017\" data-end=\"2020\" \/><a class=\"decorated-link\" href=\"https:\/\/www.euskadi.eus\/a25-2021\/web01-ejeduki\/eu\/\" target=\"_new\" rel=\"noopener\" data-start=\"2020\" data-end=\"2095\">Campa\u00f1a &#8211; Euskadi.eus<\/a><\/p>\n<span class=\"et_bloom_bottom_trigger\"><\/span>","protected":false},"excerpt":{"rendered":"<p>Con motivo del 25N, D\u00eda Internacional de la Eliminaci\u00f3n de la Violencia contra la Mujer, se ha lanzado la campa\u00f1a \u201c\u00bfY t\u00fa\u2026 lo ves? Solo una sociedad atenta puede detectar la violencia m\u00e1s invisible\u201d. Su principal objetivo es sensibilizar a la sociedad sobre las situaciones de violencia cotidiana, que a menudo est\u00e1n normalizadas y no [&hellip;]<\/p>\n","protected":false},"author":6,"featured_media":55940,"comment_status":"closed","ping_status":"open","sticky":false,"template":"","format":"standard","meta":{"_acf_changed":false,"_et_pb_use_builder":"","_et_pb_old_content":"","_et_gb_content_width":"","_jetpack_memberships_contains_paid_content":false,"_joinchat":[],"footnotes":""},"categories":[644],"tags":[],"class_list":["post-55941","post","type-post","status-publish","format-standard","has-post-thumbnail","hentry","category-igualdad"],"acf":[],"yoast_head":"<!-- This site is optimized with the Yoast SEO plugin v27.3 - https:\/\/yoast.com\/product\/yoast-seo-wordpress\/ -->\n<title>Campa\u00f1a \u201c\u00bfY t\u00fa\u2026 lo ves?\u201d: sensibilizaci\u00f3n contra la violencia oculta - Harrobia | Lanbide heziketa Bizkaian<\/title>\n<meta name=\"description\" content=\"Con motivo del 25N, D\u00eda Internacional de la Eliminaci\u00f3n de la Violencia contra la Mujer, se ha lanzado la campa\u00f1a \u201c\u00bfY t\u00fa\u2026 lo ves? Solo una sociedad atenta\" \/>\n<meta name=\"robots\" content=\"index, follow, max-snippet:-1, max-image-preview:large, max-video-preview:-1\" \/>\n<link rel=\"canonical\" href=\"https:\/\/harrobia.net\/es\/2022\/11\/eta-zuk-ikusten-duzu-kanpaina-indarkeria-ezkutuaren-aurkako-sentsibilizazioa\/\" \/>\n<meta property=\"og:locale\" content=\"es_ES\" \/>\n<meta property=\"og:type\" content=\"article\" \/>\n<meta property=\"og:title\" content=\"Campa\u00f1a \u201c\u00bfY t\u00fa\u2026 lo ves?\u201d: sensibilizaci\u00f3n contra la violencia oculta - Harrobia | Lanbide heziketa Bizkaian\" \/>\n<meta property=\"og:description\" content=\"Con motivo del 25N, D\u00eda Internacional de la Eliminaci\u00f3n de la Violencia contra la Mujer, se ha lanzado la campa\u00f1a \u201c\u00bfY t\u00fa\u2026 lo ves? Solo una sociedad atenta\" \/>\n<meta property=\"og:url\" content=\"https:\/\/harrobia.net\/es\/2022\/11\/eta-zuk-ikusten-duzu-kanpaina-indarkeria-ezkutuaren-aurkako-sentsibilizazioa\/\" \/>\n<meta property=\"og:site_name\" content=\"Harrobia Ikastola\" \/>\n<meta property=\"article:publisher\" content=\"https:\/\/www.facebook.com\/HarrobiaIkastola\" \/>\n<meta property=\"article:published_time\" content=\"2022-11-25T14:17:40+00:00\" \/>\n<meta property=\"article:modified_time\" content=\"2025-11-25T14:18:42+00:00\" \/>\n<meta property=\"og:image\" content=\"https:\/\/harrobia.net\/wp-content\/uploads\/2025\/11\/Eta-zuk-ikusten-al-duzu.png\" \/>\n\t<meta property=\"og:image:width\" content=\"1200\" \/>\n\t<meta property=\"og:image:height\" content=\"676\" \/>\n\t<meta property=\"og:image:type\" content=\"image\/png\" \/>\n<meta name=\"author\" content=\"Harrobia\" \/>\n<meta name=\"twitter:card\" content=\"summary_large_image\" \/>\n<meta name=\"twitter:creator\" content=\"@harrobiaikas\" \/>\n<meta name=\"twitter:site\" content=\"@harrobiaikas\" \/>\n<meta name=\"twitter:label1\" content=\"Escrito por\" \/>\n\t<meta name=\"twitter:data1\" content=\"Harrobia\" \/>\n\t<meta name=\"twitter:label2\" content=\"Tiempo de lectura\" \/>\n\t<meta name=\"twitter:data2\" content=\"1 minuto\" \/>\n<script type=\"application\/ld+json\" class=\"yoast-schema-graph\">{\"@context\":\"https:\\\/\\\/schema.org\",\"@graph\":[{\"@type\":\"Article\",\"@id\":\"https:\\\/\\\/harrobia.net\\\/es\\\/2022\\\/11\\\/eta-zuk-ikusten-duzu-kanpaina-indarkeria-ezkutuaren-aurkako-sentsibilizazioa\\\/#article\",\"isPartOf\":{\"@id\":\"https:\\\/\\\/harrobia.net\\\/es\\\/2022\\\/11\\\/eta-zuk-ikusten-duzu-kanpaina-indarkeria-ezkutuaren-aurkako-sentsibilizazioa\\\/\"},\"author\":{\"name\":\"Harrobia\",\"@id\":\"https:\\\/\\\/harrobia.net\\\/#\\\/schema\\\/person\\\/1d744cfed951cc4f6a3fca6f0b31f524\"},\"headline\":\"Campa\u00f1a \u201c\u00bfY t\u00fa\u2026 lo ves?\u201d: sensibilizaci\u00f3n contra la violencia oculta\",\"datePublished\":\"2022-11-25T14:17:40+00:00\",\"dateModified\":\"2025-11-25T14:18:42+00:00\",\"mainEntityOfPage\":{\"@id\":\"https:\\\/\\\/harrobia.net\\\/es\\\/2022\\\/11\\\/eta-zuk-ikusten-duzu-kanpaina-indarkeria-ezkutuaren-aurkako-sentsibilizazioa\\\/\"},\"wordCount\":141,\"publisher\":{\"@id\":\"https:\\\/\\\/harrobia.net\\\/#organization\"},\"image\":{\"@id\":\"https:\\\/\\\/harrobia.net\\\/es\\\/2022\\\/11\\\/eta-zuk-ikusten-duzu-kanpaina-indarkeria-ezkutuaren-aurkako-sentsibilizazioa\\\/#primaryimage\"},\"thumbnailUrl\":\"https:\\\/\\\/harrobia.net\\\/wp-content\\\/uploads\\\/2025\\\/11\\\/Eta-zuk-ikusten-al-duzu.png\",\"articleSection\":[\"Igualdad\"],\"inLanguage\":\"es\"},{\"@type\":\"WebPage\",\"@id\":\"https:\\\/\\\/harrobia.net\\\/es\\\/2022\\\/11\\\/eta-zuk-ikusten-duzu-kanpaina-indarkeria-ezkutuaren-aurkako-sentsibilizazioa\\\/\",\"url\":\"https:\\\/\\\/harrobia.net\\\/es\\\/2022\\\/11\\\/eta-zuk-ikusten-duzu-kanpaina-indarkeria-ezkutuaren-aurkako-sentsibilizazioa\\\/\",\"name\":\"Campa\u00f1a \u201c\u00bfY t\u00fa\u2026 lo ves?\u201d: sensibilizaci\u00f3n contra la violencia oculta - Harrobia | Lanbide heziketa Bizkaian\",\"isPartOf\":{\"@id\":\"https:\\\/\\\/harrobia.net\\\/#website\"},\"primaryImageOfPage\":{\"@id\":\"https:\\\/\\\/harrobia.net\\\/es\\\/2022\\\/11\\\/eta-zuk-ikusten-duzu-kanpaina-indarkeria-ezkutuaren-aurkako-sentsibilizazioa\\\/#primaryimage\"},\"image\":{\"@id\":\"https:\\\/\\\/harrobia.net\\\/es\\\/2022\\\/11\\\/eta-zuk-ikusten-duzu-kanpaina-indarkeria-ezkutuaren-aurkako-sentsibilizazioa\\\/#primaryimage\"},\"thumbnailUrl\":\"https:\\\/\\\/harrobia.net\\\/wp-content\\\/uploads\\\/2025\\\/11\\\/Eta-zuk-ikusten-al-duzu.png\",\"datePublished\":\"2022-11-25T14:17:40+00:00\",\"dateModified\":\"2025-11-25T14:18:42+00:00\",\"description\":\"Con motivo del 25N, D\u00eda Internacional de la Eliminaci\u00f3n de la Violencia contra la Mujer, se ha lanzado la campa\u00f1a \u201c\u00bfY t\u00fa\u2026 lo ves? Solo una sociedad atenta\",\"breadcrumb\":{\"@id\":\"https:\\\/\\\/harrobia.net\\\/es\\\/2022\\\/11\\\/eta-zuk-ikusten-duzu-kanpaina-indarkeria-ezkutuaren-aurkako-sentsibilizazioa\\\/#breadcrumb\"},\"inLanguage\":\"es\",\"potentialAction\":[{\"@type\":\"ReadAction\",\"target\":[\"https:\\\/\\\/harrobia.net\\\/es\\\/2022\\\/11\\\/eta-zuk-ikusten-duzu-kanpaina-indarkeria-ezkutuaren-aurkako-sentsibilizazioa\\\/\"]}]},{\"@type\":\"ImageObject\",\"inLanguage\":\"es\",\"@id\":\"https:\\\/\\\/harrobia.net\\\/es\\\/2022\\\/11\\\/eta-zuk-ikusten-duzu-kanpaina-indarkeria-ezkutuaren-aurkako-sentsibilizazioa\\\/#primaryimage\",\"url\":\"https:\\\/\\\/harrobia.net\\\/wp-content\\\/uploads\\\/2025\\\/11\\\/Eta-zuk-ikusten-al-duzu.png\",\"contentUrl\":\"https:\\\/\\\/harrobia.net\\\/wp-content\\\/uploads\\\/2025\\\/11\\\/Eta-zuk-ikusten-al-duzu.png\",\"width\":1200,\"height\":676},{\"@type\":\"BreadcrumbList\",\"@id\":\"https:\\\/\\\/harrobia.net\\\/es\\\/2022\\\/11\\\/eta-zuk-ikusten-duzu-kanpaina-indarkeria-ezkutuaren-aurkako-sentsibilizazioa\\\/#breadcrumb\",\"itemListElement\":[{\"@type\":\"ListItem\",\"position\":1,\"name\":\"Home\",\"item\":\"https:\\\/\\\/harrobia.net\\\/es\\\/\"},{\"@type\":\"ListItem\",\"position\":2,\"name\":\"Campa\u00f1a \u201c\u00bfY t\u00fa\u2026 lo ves?\u201d: sensibilizaci\u00f3n contra la violencia oculta\"}]},{\"@type\":\"WebSite\",\"@id\":\"https:\\\/\\\/harrobia.net\\\/#website\",\"url\":\"https:\\\/\\\/harrobia.net\\\/\",\"name\":\"Harrobia Ikastola\",\"description\":\"Harrobia Lanbide Heziketaren Ikastola\",\"publisher\":{\"@id\":\"https:\\\/\\\/harrobia.net\\\/#organization\"},\"potentialAction\":[{\"@type\":\"SearchAction\",\"target\":{\"@type\":\"EntryPoint\",\"urlTemplate\":\"https:\\\/\\\/harrobia.net\\\/?s={search_term_string}\"},\"query-input\":{\"@type\":\"PropertyValueSpecification\",\"valueRequired\":true,\"valueName\":\"search_term_string\"}}],\"inLanguage\":\"es\"},{\"@type\":\"Organization\",\"@id\":\"https:\\\/\\\/harrobia.net\\\/#organization\",\"name\":\"Harrobia Ikastola\",\"url\":\"https:\\\/\\\/harrobia.net\\\/\",\"logo\":{\"@type\":\"ImageObject\",\"inLanguage\":\"es\",\"@id\":\"https:\\\/\\\/harrobia.net\\\/#\\\/schema\\\/logo\\\/image\\\/\",\"url\":\"https:\\\/\\\/harrobia.net\\\/wp-content\\\/uploads\\\/2014\\\/07\\\/harrobia.png\",\"contentUrl\":\"https:\\\/\\\/harrobia.net\\\/wp-content\\\/uploads\\\/2014\\\/07\\\/harrobia.png\",\"width\":256,\"height\":71,\"caption\":\"Harrobia Ikastola\"},\"image\":{\"@id\":\"https:\\\/\\\/harrobia.net\\\/#\\\/schema\\\/logo\\\/image\\\/\"},\"sameAs\":[\"https:\\\/\\\/www.facebook.com\\\/HarrobiaIkastola\",\"https:\\\/\\\/x.com\\\/harrobiaikas\",\"https:\\\/\\\/www.instagram.com\\\/harrobiaikastola\",\"https:\\\/\\\/www.youtube.com\\\/user\\\/IbarezkerraBilbo\"]},{\"@type\":\"Person\",\"@id\":\"https:\\\/\\\/harrobia.net\\\/#\\\/schema\\\/person\\\/1d744cfed951cc4f6a3fca6f0b31f524\",\"name\":\"Harrobia\",\"image\":{\"@type\":\"ImageObject\",\"inLanguage\":\"es\",\"@id\":\"https:\\\/\\\/secure.gravatar.com\\\/avatar\\\/1612bf25e223eceb52dad98cf1059e32644be96e26361dd982cbd02be97556f3?s=96&d=mm&r=g\",\"url\":\"https:\\\/\\\/secure.gravatar.com\\\/avatar\\\/1612bf25e223eceb52dad98cf1059e32644be96e26361dd982cbd02be97556f3?s=96&d=mm&r=g\",\"contentUrl\":\"https:\\\/\\\/secure.gravatar.com\\\/avatar\\\/1612bf25e223eceb52dad98cf1059e32644be96e26361dd982cbd02be97556f3?s=96&d=mm&r=g\",\"caption\":\"Harrobia\"}}]}<\/script>\n<!-- \/ Yoast SEO plugin. -->","yoast_head_json":{"title":"Campa\u00f1a \u201c\u00bfY t\u00fa\u2026 lo ves?\u201d: sensibilizaci\u00f3n contra la violencia oculta - Harrobia | Lanbide heziketa Bizkaian","description":"Con motivo del 25N, D\u00eda Internacional de la Eliminaci\u00f3n de la Violencia contra la Mujer, se ha lanzado la campa\u00f1a \u201c\u00bfY t\u00fa\u2026 lo ves? Solo una sociedad atenta","robots":{"index":"index","follow":"follow","max-snippet":"max-snippet:-1","max-image-preview":"max-image-preview:large","max-video-preview":"max-video-preview:-1"},"canonical":"https:\/\/harrobia.net\/es\/2022\/11\/eta-zuk-ikusten-duzu-kanpaina-indarkeria-ezkutuaren-aurkako-sentsibilizazioa\/","og_locale":"es_ES","og_type":"article","og_title":"Campa\u00f1a \u201c\u00bfY t\u00fa\u2026 lo ves?\u201d: sensibilizaci\u00f3n contra la violencia oculta - Harrobia | Lanbide heziketa Bizkaian","og_description":"Con motivo del 25N, D\u00eda Internacional de la Eliminaci\u00f3n de la Violencia contra la Mujer, se ha lanzado la campa\u00f1a \u201c\u00bfY t\u00fa\u2026 lo ves? Solo una sociedad atenta","og_url":"https:\/\/harrobia.net\/es\/2022\/11\/eta-zuk-ikusten-duzu-kanpaina-indarkeria-ezkutuaren-aurkako-sentsibilizazioa\/","og_site_name":"Harrobia Ikastola","article_publisher":"https:\/\/www.facebook.com\/HarrobiaIkastola","article_published_time":"2022-11-25T14:17:40+00:00","article_modified_time":"2025-11-25T14:18:42+00:00","og_image":[{"width":1200,"height":676,"url":"https:\/\/harrobia.net\/wp-content\/uploads\/2025\/11\/Eta-zuk-ikusten-al-duzu.png","type":"image\/png"}],"author":"Harrobia","twitter_card":"summary_large_image","twitter_creator":"@harrobiaikas","twitter_site":"@harrobiaikas","twitter_misc":{"Escrito por":"Harrobia","Tiempo de lectura":"1 minuto"},"schema":{"@context":"https:\/\/schema.org","@graph":[{"@type":"Article","@id":"https:\/\/harrobia.net\/es\/2022\/11\/eta-zuk-ikusten-duzu-kanpaina-indarkeria-ezkutuaren-aurkako-sentsibilizazioa\/#article","isPartOf":{"@id":"https:\/\/harrobia.net\/es\/2022\/11\/eta-zuk-ikusten-duzu-kanpaina-indarkeria-ezkutuaren-aurkako-sentsibilizazioa\/"},"author":{"name":"Harrobia","@id":"https:\/\/harrobia.net\/#\/schema\/person\/1d744cfed951cc4f6a3fca6f0b31f524"},"headline":"Campa\u00f1a \u201c\u00bfY t\u00fa\u2026 lo ves?\u201d: sensibilizaci\u00f3n contra la violencia oculta","datePublished":"2022-11-25T14:17:40+00:00","dateModified":"2025-11-25T14:18:42+00:00","mainEntityOfPage":{"@id":"https:\/\/harrobia.net\/es\/2022\/11\/eta-zuk-ikusten-duzu-kanpaina-indarkeria-ezkutuaren-aurkako-sentsibilizazioa\/"},"wordCount":141,"publisher":{"@id":"https:\/\/harrobia.net\/#organization"},"image":{"@id":"https:\/\/harrobia.net\/es\/2022\/11\/eta-zuk-ikusten-duzu-kanpaina-indarkeria-ezkutuaren-aurkako-sentsibilizazioa\/#primaryimage"},"thumbnailUrl":"https:\/\/harrobia.net\/wp-content\/uploads\/2025\/11\/Eta-zuk-ikusten-al-duzu.png","articleSection":["Igualdad"],"inLanguage":"es"},{"@type":"WebPage","@id":"https:\/\/harrobia.net\/es\/2022\/11\/eta-zuk-ikusten-duzu-kanpaina-indarkeria-ezkutuaren-aurkako-sentsibilizazioa\/","url":"https:\/\/harrobia.net\/es\/2022\/11\/eta-zuk-ikusten-duzu-kanpaina-indarkeria-ezkutuaren-aurkako-sentsibilizazioa\/","name":"Campa\u00f1a \u201c\u00bfY t\u00fa\u2026 lo ves?\u201d: sensibilizaci\u00f3n contra la violencia oculta - Harrobia | Lanbide heziketa Bizkaian","isPartOf":{"@id":"https:\/\/harrobia.net\/#website"},"primaryImageOfPage":{"@id":"https:\/\/harrobia.net\/es\/2022\/11\/eta-zuk-ikusten-duzu-kanpaina-indarkeria-ezkutuaren-aurkako-sentsibilizazioa\/#primaryimage"},"image":{"@id":"https:\/\/harrobia.net\/es\/2022\/11\/eta-zuk-ikusten-duzu-kanpaina-indarkeria-ezkutuaren-aurkako-sentsibilizazioa\/#primaryimage"},"thumbnailUrl":"https:\/\/harrobia.net\/wp-content\/uploads\/2025\/11\/Eta-zuk-ikusten-al-duzu.png","datePublished":"2022-11-25T14:17:40+00:00","dateModified":"2025-11-25T14:18:42+00:00","description":"Con motivo del 25N, D\u00eda Internacional de la Eliminaci\u00f3n de la Violencia contra la Mujer, se ha lanzado la campa\u00f1a \u201c\u00bfY t\u00fa\u2026 lo ves? Solo una sociedad atenta","breadcrumb":{"@id":"https:\/\/harrobia.net\/es\/2022\/11\/eta-zuk-ikusten-duzu-kanpaina-indarkeria-ezkutuaren-aurkako-sentsibilizazioa\/#breadcrumb"},"inLanguage":"es","potentialAction":[{"@type":"ReadAction","target":["https:\/\/harrobia.net\/es\/2022\/11\/eta-zuk-ikusten-duzu-kanpaina-indarkeria-ezkutuaren-aurkako-sentsibilizazioa\/"]}]},{"@type":"ImageObject","inLanguage":"es","@id":"https:\/\/harrobia.net\/es\/2022\/11\/eta-zuk-ikusten-duzu-kanpaina-indarkeria-ezkutuaren-aurkako-sentsibilizazioa\/#primaryimage","url":"https:\/\/harrobia.net\/wp-content\/uploads\/2025\/11\/Eta-zuk-ikusten-al-duzu.png","contentUrl":"https:\/\/harrobia.net\/wp-content\/uploads\/2025\/11\/Eta-zuk-ikusten-al-duzu.png","width":1200,"height":676},{"@type":"BreadcrumbList","@id":"https:\/\/harrobia.net\/es\/2022\/11\/eta-zuk-ikusten-duzu-kanpaina-indarkeria-ezkutuaren-aurkako-sentsibilizazioa\/#breadcrumb","itemListElement":[{"@type":"ListItem","position":1,"name":"Home","item":"https:\/\/harrobia.net\/es\/"},{"@type":"ListItem","position":2,"name":"Campa\u00f1a \u201c\u00bfY t\u00fa\u2026 lo ves?\u201d: sensibilizaci\u00f3n contra la violencia oculta"}]},{"@type":"WebSite","@id":"https:\/\/harrobia.net\/#website","url":"https:\/\/harrobia.net\/","name":"Harrobia Ikastola","description":"Harrobia Lanbide Heziketaren Ikastola","publisher":{"@id":"https:\/\/harrobia.net\/#organization"},"potentialAction":[{"@type":"SearchAction","target":{"@type":"EntryPoint","urlTemplate":"https:\/\/harrobia.net\/?s={search_term_string}"},"query-input":{"@type":"PropertyValueSpecification","valueRequired":true,"valueName":"search_term_string"}}],"inLanguage":"es"},{"@type":"Organization","@id":"https:\/\/harrobia.net\/#organization","name":"Harrobia Ikastola","url":"https:\/\/harrobia.net\/","logo":{"@type":"ImageObject","inLanguage":"es","@id":"https:\/\/harrobia.net\/#\/schema\/logo\/image\/","url":"https:\/\/harrobia.net\/wp-content\/uploads\/2014\/07\/harrobia.png","contentUrl":"https:\/\/harrobia.net\/wp-content\/uploads\/2014\/07\/harrobia.png","width":256,"height":71,"caption":"Harrobia Ikastola"},"image":{"@id":"https:\/\/harrobia.net\/#\/schema\/logo\/image\/"},"sameAs":["https:\/\/www.facebook.com\/HarrobiaIkastola","https:\/\/x.com\/harrobiaikas","https:\/\/www.instagram.com\/harrobiaikastola","https:\/\/www.youtube.com\/user\/IbarezkerraBilbo"]},{"@type":"Person","@id":"https:\/\/harrobia.net\/#\/schema\/person\/1d744cfed951cc4f6a3fca6f0b31f524","name":"Harrobia","image":{"@type":"ImageObject","inLanguage":"es","@id":"https:\/\/secure.gravatar.com\/avatar\/1612bf25e223eceb52dad98cf1059e32644be96e26361dd982cbd02be97556f3?s=96&d=mm&r=g","url":"https:\/\/secure.gravatar.com\/avatar\/1612bf25e223eceb52dad98cf1059e32644be96e26361dd982cbd02be97556f3?s=96&d=mm&r=g","contentUrl":"https:\/\/secure.gravatar.com\/avatar\/1612bf25e223eceb52dad98cf1059e32644be96e26361dd982cbd02be97556f3?s=96&d=mm&r=g","caption":"Harrobia"}}]}},"jetpack_featured_media_url":"https:\/\/harrobia.net\/wp-content\/uploads\/2025\/11\/Eta-zuk-ikusten-al-duzu.png","jetpack_sharing_enabled":true,"_links":{"self":[{"href":"https:\/\/harrobia.net\/es\/wp-json\/wp\/v2\/posts\/55941","targetHints":{"allow":["GET"]}}],"collection":[{"href":"https:\/\/harrobia.net\/es\/wp-json\/wp\/v2\/posts"}],"about":[{"href":"https:\/\/harrobia.net\/es\/wp-json\/wp\/v2\/types\/post"}],"author":[{"embeddable":true,"href":"https:\/\/harrobia.net\/es\/wp-json\/wp\/v2\/users\/6"}],"replies":[{"embeddable":true,"href":"https:\/\/harrobia.net\/es\/wp-json\/wp\/v2\/comments?post=55941"}],"version-history":[{"count":2,"href":"https:\/\/harrobia.net\/es\/wp-json\/wp\/v2\/posts\/55941\/revisions"}],"predecessor-version":[{"id":55943,"href":"https:\/\/harrobia.net\/es\/wp-json\/wp\/v2\/posts\/55941\/revisions\/55943"}],"wp:featuredmedia":[{"embeddable":true,"href":"https:\/\/harrobia.net\/es\/wp-json\/wp\/v2\/media\/55940"}],"wp:attachment":[{"href":"https:\/\/harrobia.net\/es\/wp-json\/wp\/v2\/media?parent=55941"}],"wp:term":[{"taxonomy":"category","embeddable":true,"href":"https:\/\/harrobia.net\/es\/wp-json\/wp\/v2\/categories?post=55941"},{"taxonomy":"post_tag","embeddable":true,"href":"https:\/\/harrobia.net\/es\/wp-json\/wp\/v2\/tags?post=55941"}],"curies":[{"name":"wp","href":"https:\/\/api.w.org\/{rel}","templated":true}]}}