{"id":55902,"date":"2021-09-28T10:43:56","date_gmt":"2021-09-28T08:43:56","guid":{"rendered":"https:\/\/harrobia.net\/?p=55902"},"modified":"2025-11-24T10:48:09","modified_gmt":"2025-11-24T09:48:09","slug":"comenzamos-la-formacion-en-gestion-del-cambio-en-harrobia","status":"publish","type":"post","link":"https:\/\/harrobia.net\/es\/2021\/09\/comenzamos-la-formacion-en-gestion-del-cambio-en-harrobia\/","title":{"rendered":"Comenzamos la formaci\u00f3n en \u2018Gesti\u00f3n del Cambio\u2019 en Harrobia"},"content":{"rendered":"<p data-start=\"368\" data-end=\"677\">El 28 de septiembre, las personas socias de Harrobia iniciamos la formaci\u00f3n <strong data-start=\"444\" data-end=\"468\">\u2018Gesti\u00f3n del Cambio\u2019<\/strong>, impartida por <strong data-start=\"484\" data-end=\"502\">Piedad Arbaiza<\/strong>. El objetivo es aprender a gestionar los procesos de cambio de manera <strong data-start=\"573\" data-end=\"612\">saludable, equilibrada y consciente<\/strong>, reforzando el bienestar del equipo y de la comunidad educativa.<\/p>\n<p data-start=\"679\" data-end=\"912\">La formaci\u00f3n tendr\u00e1 continuidad <strong data-start=\"711\" data-end=\"729\">cada dos meses<\/strong> y supone la <strong data-start=\"742\" data-end=\"761\">segunda edici\u00f3n<\/strong>, dando seguimiento al trabajo iniciado el curso anterior. En esta primera sesi\u00f3n revisamos los componentes fundamentales de una conversaci\u00f3n efectiva:<\/p>\n<ul data-start=\"914\" data-end=\"1300\">\n<li data-start=\"914\" data-end=\"1031\">\n<p data-start=\"916\" data-end=\"1031\"><strong data-start=\"916\" data-end=\"931\">El lenguaje<\/strong>: la forma en la que expresamos nuestras ideas y c\u00f3mo estas influyen en las din\u00e1micas de relaci\u00f3n.<\/p>\n<\/li>\n<li data-start=\"1032\" data-end=\"1169\">\n<p data-start=\"1034\" data-end=\"1169\"><strong data-start=\"1034\" data-end=\"1054\">La emocionalidad<\/strong>: las emociones que se activan en los procesos de cambio y c\u00f3mo gestionarlas para comunicarnos de forma m\u00e1s sana.<\/p>\n<\/li>\n<li data-start=\"1170\" data-end=\"1300\">\n<p data-start=\"1172\" data-end=\"1300\"><strong data-start=\"1172\" data-end=\"1185\">El cuerpo<\/strong>: la coherencia entre lo que decimos, lo que sentimos y lo que transmitimos a trav\u00e9s de nuestra presencia corporal.<\/p>\n<\/li>\n<\/ul>\n<p data-start=\"1302\" data-end=\"1547\">Esta iniciativa contribuye a fortalecer la organizaci\u00f3n interna del centro y favorece pr\u00e1cticas basadas en el <strong data-start=\"1412\" data-end=\"1460\">cuidado, la escucha activa y la colaboraci\u00f3n<\/strong>, elementos clave en un entorno educativo que quiere poner a las personas en el centro.<\/p>\n<span class=\"et_bloom_bottom_trigger\"><\/span>","protected":false},"excerpt":{"rendered":"<p>El 28 de septiembre, las personas socias de Harrobia iniciamos la formaci\u00f3n \u2018Gesti\u00f3n del Cambio\u2019, impartida por Piedad Arbaiza. El objetivo es aprender a gestionar los procesos de cambio de manera saludable, equilibrada y consciente, reforzando el bienestar del equipo y de la comunidad educativa. La formaci\u00f3n tendr\u00e1 continuidad cada dos meses y supone la [&hellip;]<\/p>\n","protected":false},"author":6,"featured_media":39360,"comment_status":"closed","ping_status":"open","sticky":false,"template":"","format":"standard","meta":{"_acf_changed":false,"_et_pb_use_builder":"","_et_pb_old_content":"","_et_gb_content_width":"","_jetpack_memberships_contains_paid_content":false,"_joinchat":[],"footnotes":""},"categories":[607,644],"tags":[],"class_list":["post-55902","post","type-post","status-publish","format-standard","has-post-thumbnail","hentry","category-deporte-e-innovacion","category-igualdad"],"acf":[],"yoast_head":"<!-- This site is optimized with the Yoast SEO plugin v27.3 - https:\/\/yoast.com\/product\/yoast-seo-wordpress\/ -->\n<title>Comenzamos la formaci\u00f3n en \u2018Gesti\u00f3n del Cambio\u2019 en Harrobia - Harrobia | Lanbide heziketa Bizkaian<\/title>\n<meta name=\"description\" content=\"El 28 de septiembre, las personas socias de Harrobia iniciamos la formaci\u00f3n \u2018Gesti\u00f3n del Cambio\u2019, impartida por Piedad Arbaiza. El objetivo es aprender a\" \/>\n<meta name=\"robots\" content=\"index, follow, max-snippet:-1, max-image-preview:large, max-video-preview:-1\" \/>\n<link rel=\"canonical\" href=\"https:\/\/harrobia.net\/es\/2021\/09\/comenzamos-la-formacion-en-gestion-del-cambio-en-harrobia\/\" \/>\n<meta property=\"og:locale\" content=\"es_ES\" \/>\n<meta property=\"og:type\" content=\"article\" \/>\n<meta property=\"og:title\" content=\"Comenzamos la formaci\u00f3n en \u2018Gesti\u00f3n del Cambio\u2019 en Harrobia - Harrobia | Lanbide heziketa Bizkaian\" \/>\n<meta property=\"og:description\" content=\"El 28 de septiembre, las personas socias de Harrobia iniciamos la formaci\u00f3n \u2018Gesti\u00f3n del Cambio\u2019, impartida por Piedad Arbaiza. El objetivo es aprender a\" \/>\n<meta property=\"og:url\" content=\"https:\/\/harrobia.net\/es\/2021\/09\/comenzamos-la-formacion-en-gestion-del-cambio-en-harrobia\/\" \/>\n<meta property=\"og:site_name\" content=\"Harrobia Ikastola\" \/>\n<meta property=\"article:publisher\" content=\"https:\/\/www.facebook.com\/HarrobiaIkastola\" \/>\n<meta property=\"article:published_time\" content=\"2021-09-28T08:43:56+00:00\" \/>\n<meta property=\"article:modified_time\" content=\"2025-11-24T09:48:09+00:00\" \/>\n<meta property=\"og:image\" content=\"https:\/\/harrobia.net\/wp-content\/uploads\/2021\/10\/Harrobia-Ikastola-FP.-Barne-formakuntza.jpg\" \/>\n\t<meta property=\"og:image:width\" content=\"1600\" \/>\n\t<meta property=\"og:image:height\" content=\"870\" \/>\n\t<meta property=\"og:image:type\" content=\"image\/jpeg\" \/>\n<meta name=\"author\" content=\"Harrobia\" \/>\n<meta name=\"twitter:card\" content=\"summary_large_image\" \/>\n<meta name=\"twitter:creator\" content=\"@harrobiaikas\" \/>\n<meta name=\"twitter:site\" content=\"@harrobiaikas\" \/>\n<meta name=\"twitter:label1\" content=\"Escrito por\" \/>\n\t<meta name=\"twitter:data1\" content=\"Harrobia\" \/>\n\t<meta name=\"twitter:label2\" content=\"Tiempo de lectura\" \/>\n\t<meta name=\"twitter:data2\" content=\"2 minutos\" \/>\n<script type=\"application\/ld+json\" class=\"yoast-schema-graph\">{\"@context\":\"https:\\\/\\\/schema.org\",\"@graph\":[{\"@type\":\"Article\",\"@id\":\"https:\\\/\\\/harrobia.net\\\/es\\\/2021\\\/09\\\/comenzamos-la-formacion-en-gestion-del-cambio-en-harrobia\\\/#article\",\"isPartOf\":{\"@id\":\"https:\\\/\\\/harrobia.net\\\/es\\\/2021\\\/09\\\/comenzamos-la-formacion-en-gestion-del-cambio-en-harrobia\\\/\"},\"author\":{\"name\":\"Harrobia\",\"@id\":\"https:\\\/\\\/harrobia.net\\\/#\\\/schema\\\/person\\\/1d744cfed951cc4f6a3fca6f0b31f524\"},\"headline\":\"Comenzamos la formaci\u00f3n en \u2018Gesti\u00f3n del Cambio\u2019 en Harrobia\",\"datePublished\":\"2021-09-28T08:43:56+00:00\",\"dateModified\":\"2025-11-24T09:48:09+00:00\",\"mainEntityOfPage\":{\"@id\":\"https:\\\/\\\/harrobia.net\\\/es\\\/2021\\\/09\\\/comenzamos-la-formacion-en-gestion-del-cambio-en-harrobia\\\/\"},\"wordCount\":201,\"publisher\":{\"@id\":\"https:\\\/\\\/harrobia.net\\\/#organization\"},\"image\":{\"@id\":\"https:\\\/\\\/harrobia.net\\\/es\\\/2021\\\/09\\\/comenzamos-la-formacion-en-gestion-del-cambio-en-harrobia\\\/#primaryimage\"},\"thumbnailUrl\":\"https:\\\/\\\/harrobia.net\\\/wp-content\\\/uploads\\\/2021\\\/10\\\/Harrobia-Ikastola-FP.-Barne-formakuntza.jpg\",\"articleSection\":[\"Deporte e Innovaci\u00f3n\",\"Igualdad\"],\"inLanguage\":\"es\"},{\"@type\":\"WebPage\",\"@id\":\"https:\\\/\\\/harrobia.net\\\/es\\\/2021\\\/09\\\/comenzamos-la-formacion-en-gestion-del-cambio-en-harrobia\\\/\",\"url\":\"https:\\\/\\\/harrobia.net\\\/es\\\/2021\\\/09\\\/comenzamos-la-formacion-en-gestion-del-cambio-en-harrobia\\\/\",\"name\":\"Comenzamos la formaci\u00f3n en \u2018Gesti\u00f3n del Cambio\u2019 en Harrobia - Harrobia | Lanbide heziketa Bizkaian\",\"isPartOf\":{\"@id\":\"https:\\\/\\\/harrobia.net\\\/#website\"},\"primaryImageOfPage\":{\"@id\":\"https:\\\/\\\/harrobia.net\\\/es\\\/2021\\\/09\\\/comenzamos-la-formacion-en-gestion-del-cambio-en-harrobia\\\/#primaryimage\"},\"image\":{\"@id\":\"https:\\\/\\\/harrobia.net\\\/es\\\/2021\\\/09\\\/comenzamos-la-formacion-en-gestion-del-cambio-en-harrobia\\\/#primaryimage\"},\"thumbnailUrl\":\"https:\\\/\\\/harrobia.net\\\/wp-content\\\/uploads\\\/2021\\\/10\\\/Harrobia-Ikastola-FP.-Barne-formakuntza.jpg\",\"datePublished\":\"2021-09-28T08:43:56+00:00\",\"dateModified\":\"2025-11-24T09:48:09+00:00\",\"description\":\"El 28 de septiembre, las personas socias de Harrobia iniciamos la formaci\u00f3n \u2018Gesti\u00f3n del Cambio\u2019, impartida por Piedad Arbaiza. El objetivo es aprender a\",\"breadcrumb\":{\"@id\":\"https:\\\/\\\/harrobia.net\\\/es\\\/2021\\\/09\\\/comenzamos-la-formacion-en-gestion-del-cambio-en-harrobia\\\/#breadcrumb\"},\"inLanguage\":\"es\",\"potentialAction\":[{\"@type\":\"ReadAction\",\"target\":[\"https:\\\/\\\/harrobia.net\\\/es\\\/2021\\\/09\\\/comenzamos-la-formacion-en-gestion-del-cambio-en-harrobia\\\/\"]}]},{\"@type\":\"ImageObject\",\"inLanguage\":\"es\",\"@id\":\"https:\\\/\\\/harrobia.net\\\/es\\\/2021\\\/09\\\/comenzamos-la-formacion-en-gestion-del-cambio-en-harrobia\\\/#primaryimage\",\"url\":\"https:\\\/\\\/harrobia.net\\\/wp-content\\\/uploads\\\/2021\\\/10\\\/Harrobia-Ikastola-FP.-Barne-formakuntza.jpg\",\"contentUrl\":\"https:\\\/\\\/harrobia.net\\\/wp-content\\\/uploads\\\/2021\\\/10\\\/Harrobia-Ikastola-FP.-Barne-formakuntza.jpg\",\"width\":1600,\"height\":870,\"caption\":\"Formaci\u00f3n Gesti\u00f3n del Cambio\"},{\"@type\":\"BreadcrumbList\",\"@id\":\"https:\\\/\\\/harrobia.net\\\/es\\\/2021\\\/09\\\/comenzamos-la-formacion-en-gestion-del-cambio-en-harrobia\\\/#breadcrumb\",\"itemListElement\":[{\"@type\":\"ListItem\",\"position\":1,\"name\":\"Home\",\"item\":\"https:\\\/\\\/harrobia.net\\\/es\\\/\"},{\"@type\":\"ListItem\",\"position\":2,\"name\":\"Comenzamos la formaci\u00f3n en \u2018Gesti\u00f3n del Cambio\u2019 en Harrobia\"}]},{\"@type\":\"WebSite\",\"@id\":\"https:\\\/\\\/harrobia.net\\\/#website\",\"url\":\"https:\\\/\\\/harrobia.net\\\/\",\"name\":\"Harrobia Ikastola\",\"description\":\"Harrobia Lanbide Heziketaren Ikastola\",\"publisher\":{\"@id\":\"https:\\\/\\\/harrobia.net\\\/#organization\"},\"potentialAction\":[{\"@type\":\"SearchAction\",\"target\":{\"@type\":\"EntryPoint\",\"urlTemplate\":\"https:\\\/\\\/harrobia.net\\\/?s={search_term_string}\"},\"query-input\":{\"@type\":\"PropertyValueSpecification\",\"valueRequired\":true,\"valueName\":\"search_term_string\"}}],\"inLanguage\":\"es\"},{\"@type\":\"Organization\",\"@id\":\"https:\\\/\\\/harrobia.net\\\/#organization\",\"name\":\"Harrobia Ikastola\",\"url\":\"https:\\\/\\\/harrobia.net\\\/\",\"logo\":{\"@type\":\"ImageObject\",\"inLanguage\":\"es\",\"@id\":\"https:\\\/\\\/harrobia.net\\\/#\\\/schema\\\/logo\\\/image\\\/\",\"url\":\"https:\\\/\\\/harrobia.net\\\/wp-content\\\/uploads\\\/2014\\\/07\\\/harrobia.png\",\"contentUrl\":\"https:\\\/\\\/harrobia.net\\\/wp-content\\\/uploads\\\/2014\\\/07\\\/harrobia.png\",\"width\":256,\"height\":71,\"caption\":\"Harrobia Ikastola\"},\"image\":{\"@id\":\"https:\\\/\\\/harrobia.net\\\/#\\\/schema\\\/logo\\\/image\\\/\"},\"sameAs\":[\"https:\\\/\\\/www.facebook.com\\\/HarrobiaIkastola\",\"https:\\\/\\\/x.com\\\/harrobiaikas\",\"https:\\\/\\\/www.instagram.com\\\/harrobiaikastola\",\"https:\\\/\\\/www.youtube.com\\\/user\\\/IbarezkerraBilbo\"]},{\"@type\":\"Person\",\"@id\":\"https:\\\/\\\/harrobia.net\\\/#\\\/schema\\\/person\\\/1d744cfed951cc4f6a3fca6f0b31f524\",\"name\":\"Harrobia\",\"image\":{\"@type\":\"ImageObject\",\"inLanguage\":\"es\",\"@id\":\"https:\\\/\\\/secure.gravatar.com\\\/avatar\\\/1612bf25e223eceb52dad98cf1059e32644be96e26361dd982cbd02be97556f3?s=96&d=mm&r=g\",\"url\":\"https:\\\/\\\/secure.gravatar.com\\\/avatar\\\/1612bf25e223eceb52dad98cf1059e32644be96e26361dd982cbd02be97556f3?s=96&d=mm&r=g\",\"contentUrl\":\"https:\\\/\\\/secure.gravatar.com\\\/avatar\\\/1612bf25e223eceb52dad98cf1059e32644be96e26361dd982cbd02be97556f3?s=96&d=mm&r=g\",\"caption\":\"Harrobia\"}}]}<\/script>\n<!-- \/ Yoast SEO plugin. -->","yoast_head_json":{"title":"Comenzamos la formaci\u00f3n en \u2018Gesti\u00f3n del Cambio\u2019 en Harrobia - Harrobia | Lanbide heziketa Bizkaian","description":"El 28 de septiembre, las personas socias de Harrobia iniciamos la formaci\u00f3n \u2018Gesti\u00f3n del Cambio\u2019, impartida por Piedad Arbaiza. El objetivo es aprender a","robots":{"index":"index","follow":"follow","max-snippet":"max-snippet:-1","max-image-preview":"max-image-preview:large","max-video-preview":"max-video-preview:-1"},"canonical":"https:\/\/harrobia.net\/es\/2021\/09\/comenzamos-la-formacion-en-gestion-del-cambio-en-harrobia\/","og_locale":"es_ES","og_type":"article","og_title":"Comenzamos la formaci\u00f3n en \u2018Gesti\u00f3n del Cambio\u2019 en Harrobia - Harrobia | Lanbide heziketa Bizkaian","og_description":"El 28 de septiembre, las personas socias de Harrobia iniciamos la formaci\u00f3n \u2018Gesti\u00f3n del Cambio\u2019, impartida por Piedad Arbaiza. El objetivo es aprender a","og_url":"https:\/\/harrobia.net\/es\/2021\/09\/comenzamos-la-formacion-en-gestion-del-cambio-en-harrobia\/","og_site_name":"Harrobia Ikastola","article_publisher":"https:\/\/www.facebook.com\/HarrobiaIkastola","article_published_time":"2021-09-28T08:43:56+00:00","article_modified_time":"2025-11-24T09:48:09+00:00","og_image":[{"width":1600,"height":870,"url":"https:\/\/harrobia.net\/wp-content\/uploads\/2021\/10\/Harrobia-Ikastola-FP.-Barne-formakuntza.jpg","type":"image\/jpeg"}],"author":"Harrobia","twitter_card":"summary_large_image","twitter_creator":"@harrobiaikas","twitter_site":"@harrobiaikas","twitter_misc":{"Escrito por":"Harrobia","Tiempo de lectura":"2 minutos"},"schema":{"@context":"https:\/\/schema.org","@graph":[{"@type":"Article","@id":"https:\/\/harrobia.net\/es\/2021\/09\/comenzamos-la-formacion-en-gestion-del-cambio-en-harrobia\/#article","isPartOf":{"@id":"https:\/\/harrobia.net\/es\/2021\/09\/comenzamos-la-formacion-en-gestion-del-cambio-en-harrobia\/"},"author":{"name":"Harrobia","@id":"https:\/\/harrobia.net\/#\/schema\/person\/1d744cfed951cc4f6a3fca6f0b31f524"},"headline":"Comenzamos la formaci\u00f3n en \u2018Gesti\u00f3n del Cambio\u2019 en Harrobia","datePublished":"2021-09-28T08:43:56+00:00","dateModified":"2025-11-24T09:48:09+00:00","mainEntityOfPage":{"@id":"https:\/\/harrobia.net\/es\/2021\/09\/comenzamos-la-formacion-en-gestion-del-cambio-en-harrobia\/"},"wordCount":201,"publisher":{"@id":"https:\/\/harrobia.net\/#organization"},"image":{"@id":"https:\/\/harrobia.net\/es\/2021\/09\/comenzamos-la-formacion-en-gestion-del-cambio-en-harrobia\/#primaryimage"},"thumbnailUrl":"https:\/\/harrobia.net\/wp-content\/uploads\/2021\/10\/Harrobia-Ikastola-FP.-Barne-formakuntza.jpg","articleSection":["Deporte e Innovaci\u00f3n","Igualdad"],"inLanguage":"es"},{"@type":"WebPage","@id":"https:\/\/harrobia.net\/es\/2021\/09\/comenzamos-la-formacion-en-gestion-del-cambio-en-harrobia\/","url":"https:\/\/harrobia.net\/es\/2021\/09\/comenzamos-la-formacion-en-gestion-del-cambio-en-harrobia\/","name":"Comenzamos la formaci\u00f3n en \u2018Gesti\u00f3n del Cambio\u2019 en Harrobia - Harrobia | Lanbide heziketa Bizkaian","isPartOf":{"@id":"https:\/\/harrobia.net\/#website"},"primaryImageOfPage":{"@id":"https:\/\/harrobia.net\/es\/2021\/09\/comenzamos-la-formacion-en-gestion-del-cambio-en-harrobia\/#primaryimage"},"image":{"@id":"https:\/\/harrobia.net\/es\/2021\/09\/comenzamos-la-formacion-en-gestion-del-cambio-en-harrobia\/#primaryimage"},"thumbnailUrl":"https:\/\/harrobia.net\/wp-content\/uploads\/2021\/10\/Harrobia-Ikastola-FP.-Barne-formakuntza.jpg","datePublished":"2021-09-28T08:43:56+00:00","dateModified":"2025-11-24T09:48:09+00:00","description":"El 28 de septiembre, las personas socias de Harrobia iniciamos la formaci\u00f3n \u2018Gesti\u00f3n del Cambio\u2019, impartida por Piedad Arbaiza. El objetivo es aprender a","breadcrumb":{"@id":"https:\/\/harrobia.net\/es\/2021\/09\/comenzamos-la-formacion-en-gestion-del-cambio-en-harrobia\/#breadcrumb"},"inLanguage":"es","potentialAction":[{"@type":"ReadAction","target":["https:\/\/harrobia.net\/es\/2021\/09\/comenzamos-la-formacion-en-gestion-del-cambio-en-harrobia\/"]}]},{"@type":"ImageObject","inLanguage":"es","@id":"https:\/\/harrobia.net\/es\/2021\/09\/comenzamos-la-formacion-en-gestion-del-cambio-en-harrobia\/#primaryimage","url":"https:\/\/harrobia.net\/wp-content\/uploads\/2021\/10\/Harrobia-Ikastola-FP.-Barne-formakuntza.jpg","contentUrl":"https:\/\/harrobia.net\/wp-content\/uploads\/2021\/10\/Harrobia-Ikastola-FP.-Barne-formakuntza.jpg","width":1600,"height":870,"caption":"Formaci\u00f3n Gesti\u00f3n del Cambio"},{"@type":"BreadcrumbList","@id":"https:\/\/harrobia.net\/es\/2021\/09\/comenzamos-la-formacion-en-gestion-del-cambio-en-harrobia\/#breadcrumb","itemListElement":[{"@type":"ListItem","position":1,"name":"Home","item":"https:\/\/harrobia.net\/es\/"},{"@type":"ListItem","position":2,"name":"Comenzamos la formaci\u00f3n en \u2018Gesti\u00f3n del Cambio\u2019 en Harrobia"}]},{"@type":"WebSite","@id":"https:\/\/harrobia.net\/#website","url":"https:\/\/harrobia.net\/","name":"Harrobia Ikastola","description":"Harrobia Lanbide Heziketaren Ikastola","publisher":{"@id":"https:\/\/harrobia.net\/#organization"},"potentialAction":[{"@type":"SearchAction","target":{"@type":"EntryPoint","urlTemplate":"https:\/\/harrobia.net\/?s={search_term_string}"},"query-input":{"@type":"PropertyValueSpecification","valueRequired":true,"valueName":"search_term_string"}}],"inLanguage":"es"},{"@type":"Organization","@id":"https:\/\/harrobia.net\/#organization","name":"Harrobia Ikastola","url":"https:\/\/harrobia.net\/","logo":{"@type":"ImageObject","inLanguage":"es","@id":"https:\/\/harrobia.net\/#\/schema\/logo\/image\/","url":"https:\/\/harrobia.net\/wp-content\/uploads\/2014\/07\/harrobia.png","contentUrl":"https:\/\/harrobia.net\/wp-content\/uploads\/2014\/07\/harrobia.png","width":256,"height":71,"caption":"Harrobia Ikastola"},"image":{"@id":"https:\/\/harrobia.net\/#\/schema\/logo\/image\/"},"sameAs":["https:\/\/www.facebook.com\/HarrobiaIkastola","https:\/\/x.com\/harrobiaikas","https:\/\/www.instagram.com\/harrobiaikastola","https:\/\/www.youtube.com\/user\/IbarezkerraBilbo"]},{"@type":"Person","@id":"https:\/\/harrobia.net\/#\/schema\/person\/1d744cfed951cc4f6a3fca6f0b31f524","name":"Harrobia","image":{"@type":"ImageObject","inLanguage":"es","@id":"https:\/\/secure.gravatar.com\/avatar\/1612bf25e223eceb52dad98cf1059e32644be96e26361dd982cbd02be97556f3?s=96&d=mm&r=g","url":"https:\/\/secure.gravatar.com\/avatar\/1612bf25e223eceb52dad98cf1059e32644be96e26361dd982cbd02be97556f3?s=96&d=mm&r=g","contentUrl":"https:\/\/secure.gravatar.com\/avatar\/1612bf25e223eceb52dad98cf1059e32644be96e26361dd982cbd02be97556f3?s=96&d=mm&r=g","caption":"Harrobia"}}]}},"jetpack_featured_media_url":"https:\/\/harrobia.net\/wp-content\/uploads\/2021\/10\/Harrobia-Ikastola-FP.-Barne-formakuntza.jpg","jetpack_sharing_enabled":true,"_links":{"self":[{"href":"https:\/\/harrobia.net\/es\/wp-json\/wp\/v2\/posts\/55902","targetHints":{"allow":["GET"]}}],"collection":[{"href":"https:\/\/harrobia.net\/es\/wp-json\/wp\/v2\/posts"}],"about":[{"href":"https:\/\/harrobia.net\/es\/wp-json\/wp\/v2\/types\/post"}],"author":[{"embeddable":true,"href":"https:\/\/harrobia.net\/es\/wp-json\/wp\/v2\/users\/6"}],"replies":[{"embeddable":true,"href":"https:\/\/harrobia.net\/es\/wp-json\/wp\/v2\/comments?post=55902"}],"version-history":[{"count":1,"href":"https:\/\/harrobia.net\/es\/wp-json\/wp\/v2\/posts\/55902\/revisions"}],"predecessor-version":[{"id":55903,"href":"https:\/\/harrobia.net\/es\/wp-json\/wp\/v2\/posts\/55902\/revisions\/55903"}],"wp:featuredmedia":[{"embeddable":true,"href":"https:\/\/harrobia.net\/es\/wp-json\/wp\/v2\/media\/39360"}],"wp:attachment":[{"href":"https:\/\/harrobia.net\/es\/wp-json\/wp\/v2\/media?parent=55902"}],"wp:term":[{"taxonomy":"category","embeddable":true,"href":"https:\/\/harrobia.net\/es\/wp-json\/wp\/v2\/categories?post=55902"},{"taxonomy":"post_tag","embeddable":true,"href":"https:\/\/harrobia.net\/es\/wp-json\/wp\/v2\/tags?post=55902"}],"curies":[{"name":"wp","href":"https:\/\/api.w.org\/{rel}","templated":true}]}}