{"id":53167,"date":"2025-04-03T13:00:36","date_gmt":"2025-04-03T11:00:36","guid":{"rendered":"https:\/\/harrobia.net\/?p=53167"},"modified":"2025-04-09T14:43:35","modified_gmt":"2025-04-09T12:43:35","slug":"gernika-un-viaje-a-nuestra-memoria-historica","status":"publish","type":"post","link":"https:\/\/harrobia.net\/es\/2025\/04\/gernika-un-viaje-a-nuestra-memoria-historica\/","title":{"rendered":"Gernika, un viaje a nuestra memoria hist\u00f3rica"},"content":{"rendered":"<p>Estamos inmersos en la Guerra Civil con el alumnado de FP B\u00e1sica. Para profundizar en los contenidos, hemos visitado Gernika. All\u00ed hemos conocido uno de los episodios m\u00e1s oscuros de la historia de Euskal Herria:<\/p>\n<p>El 26 de abril de 1937, un lunes, en pleno d\u00eda de mercado, los aviones alemanes bombardearon la ciudad con miles de personas en ella.<\/p>\n<p>Nosotros tambi\u00e9n fuimos un lunes, d\u00eda de mercado en Gernika. Y aprovechamos el viaje para conocer la antigua f\u00e1brica de armas Astragernika , hoy convertida en un espacio cultural autogestionado, de la mano de Irati \u00a1Eskerrik asko, Irati, y a toda la comunidad! \ud83d\udc99<\/p>\n<p>\ud83c\udfc6 Gracias tambi\u00e9n a Diego Beaskoetxea y al front\u00f3n Jai-Alai de Gernika, donde nuestro alumnado disfrut\u00f3 de la cesta punta.<\/p>\n<p>\ud83d\udd35 Historia, deporte y aprendizaje yendo de la mano.<\/p>\n<blockquote class=\"instagram-media\" style=\"background: #FFF; border: 0; border-radius: 3px; box-shadow: 0 0 1px 0 rgba(0,0,0,0.5),0 1px 10px 0 rgba(0,0,0,0.15); margin: 1px; max-width: 540px; min-width: 326px; padding: 0; width: calc(100% - 2px);\" data-instgrm-permalink=\"https:\/\/www.instagram.com\/reel\/DH9MgUUAczB\/?utm_source=ig_embed&amp;utm_campaign=loading\" data-instgrm-version=\"14\">\n<div style=\"padding: 16px;\">\n<p>&nbsp;<\/p>\n<div style=\"display: flex; flex-direction: row; align-items: center;\">\n<div style=\"background-color: #f4f4f4; border-radius: 50%; flex-grow: 0; height: 40px; margin-right: 14px; width: 40px;\"><\/div>\n<div style=\"display: flex; flex-direction: column; flex-grow: 1; justify-content: center;\">\n<div style=\"background-color: #f4f4f4; border-radius: 4px; flex-grow: 0; height: 14px; margin-bottom: 6px; width: 100px;\"><\/div>\n<div style=\"background-color: #f4f4f4; border-radius: 4px; flex-grow: 0; height: 14px; width: 60px;\"><\/div>\n<\/div>\n<\/div>\n<div style=\"padding: 19% 0;\"><\/div>\n<div style=\"display: block; height: 50px; margin: 0 auto 12px; width: 50px;\"><\/div>\n<div style=\"padding-top: 8px;\">\n<div style=\"color: #3897f0; font-family: Arial,sans-serif; font-size: 14px; font-style: normal; font-weight: 550; line-height: 18px;\">Ver esta publicaci\u00f3n en Instagram<\/div>\n<\/div>\n<div style=\"padding: 12.5% 0;\"><\/div>\n<div style=\"display: flex; flex-direction: row; margin-bottom: 14px; align-items: center;\">\n<div>\n<div style=\"background-color: #f4f4f4; border-radius: 50%; height: 12.5px; width: 12.5px; transform: translateX(0px) translateY(7px);\"><\/div>\n<div style=\"background-color: #f4f4f4; height: 12.5px; transform: rotate(-45deg) translateX(3px) translateY(1px); width: 12.5px; flex-grow: 0; margin-right: 14px; margin-left: 2px;\"><\/div>\n<div style=\"background-color: #f4f4f4; border-radius: 50%; height: 12.5px; width: 12.5px; transform: translateX(9px) translateY(-18px);\"><\/div>\n<\/div>\n<div style=\"margin-left: 8px;\">\n<div style=\"background-color: #f4f4f4; border-radius: 50%; flex-grow: 0; height: 20px; width: 20px;\"><\/div>\n<div style=\"width: 0; height: 0; border-top: 2px solid transparent; border-left: 6px solid #f4f4f4; border-bottom: 2px solid transparent; transform: translateX(16px) translateY(-4px) rotate(30deg);\"><\/div>\n<\/div>\n<div style=\"margin-left: auto;\">\n<div style=\"width: 0px; border-top: 8px solid #F4F4F4; border-right: 8px solid transparent; transform: translateY(16px);\"><\/div>\n<div style=\"background-color: #f4f4f4; flex-grow: 0; height: 12px; width: 16px; transform: translateY(-4px);\"><\/div>\n<div style=\"width: 0; height: 0; border-top: 8px solid #F4F4F4; border-left: 8px solid transparent; transform: translateY(-4px) translateX(8px);\"><\/div>\n<\/div>\n<\/div>\n<div style=\"display: flex; flex-direction: column; flex-grow: 1; justify-content: center; margin-bottom: 24px;\">\n<div style=\"background-color: #f4f4f4; border-radius: 4px; flex-grow: 0; height: 14px; margin-bottom: 6px; width: 224px;\"><\/div>\n<div style=\"background-color: #f4f4f4; border-radius: 4px; flex-grow: 0; height: 14px; width: 144px;\"><\/div>\n<\/div>\n<p>&nbsp;<\/p>\n<p style=\"color: #c9c8cd; font-family: Arial,sans-serif; font-size: 14px; line-height: 17px; margin-bottom: 0; margin-top: 8px; overflow: hidden; padding: 8px 0 7px; text-align: center; text-overflow: ellipsis; white-space: nowrap;\"><a style=\"color: #c9c8cd; font-family: Arial,sans-serif; font-size: 14px; font-style: normal; font-weight: normal; line-height: 17px; text-decoration: none;\" href=\"https:\/\/www.instagram.com\/reel\/DH9MgUUAczB\/?utm_source=ig_embed&amp;utm_campaign=loading\" target=\"_blank\" rel=\"noopener\">Una publicaci\u00f3n compartida de Harrobia Ikastola FP (@harrobiaikastola)<\/a><\/p>\n<\/div>\n<\/blockquote>\n<p><script async src=\"\/\/www.instagram.com\/embed.js\"><\/script><\/p>\n<span class=\"et_bloom_bottom_trigger\"><\/span>","protected":false},"excerpt":{"rendered":"<p>Estamos inmersos en la Guerra Civil con el alumnado de FP B\u00e1sica. Para profundizar en los contenidos, hemos visitado Gernika. All\u00ed hemos conocido uno de los episodios m\u00e1s oscuros de la historia de Euskal Herria: El 26 de abril de 1937, un lunes, en pleno d\u00eda de mercado, los aviones alemanes bombardearon la ciudad con [&hellip;]<\/p>\n","protected":false},"author":6,"featured_media":53188,"comment_status":"closed","ping_status":"open","sticky":false,"template":"","format":"standard","meta":{"_acf_changed":false,"_et_pb_use_builder":"","_et_pb_old_content":"","_et_gb_content_width":"","_jetpack_memberships_contains_paid_content":false,"_joinchat":[],"footnotes":""},"categories":[586,607,614,3],"tags":[640],"class_list":["post-53167","post","type-post","status-publish","format-standard","has-post-thumbnail","hentry","category-ciclos-fp","category-deporte-e-innovacion","category-euskera","category-sin-categorizar","tag-oinarrizko-lanbide-heziketa"],"acf":[],"yoast_head":"<!-- This site is optimized with the Yoast SEO plugin v27.3 - https:\/\/yoast.com\/product\/yoast-seo-wordpress\/ -->\n<title>Gernika, un viaje a nuestra memoria hist\u00f3rica - Harrobia | Lanbide heziketa Bizkaian<\/title>\n<meta name=\"description\" content=\"Estamos inmersos en la Guerra Civil con el alumnado de FP B\u00e1sica. Para profundizar en los contenidos, hemos visitado Gernika. All\u00ed hemos conocido uno de\" \/>\n<meta name=\"robots\" content=\"index, follow, max-snippet:-1, max-image-preview:large, max-video-preview:-1\" \/>\n<link rel=\"canonical\" href=\"https:\/\/harrobia.net\/es\/2025\/04\/gernika-un-viaje-a-nuestra-memoria-historica\/\" \/>\n<meta property=\"og:locale\" content=\"es_ES\" \/>\n<meta property=\"og:type\" content=\"article\" \/>\n<meta property=\"og:title\" content=\"Gernika, un viaje a nuestra memoria hist\u00f3rica - Harrobia | Lanbide heziketa Bizkaian\" \/>\n<meta property=\"og:description\" content=\"Estamos inmersos en la Guerra Civil con el alumnado de FP B\u00e1sica. Para profundizar en los contenidos, hemos visitado Gernika. All\u00ed hemos conocido uno de\" \/>\n<meta property=\"og:url\" content=\"https:\/\/harrobia.net\/es\/2025\/04\/gernika-un-viaje-a-nuestra-memoria-historica\/\" \/>\n<meta property=\"og:site_name\" content=\"Harrobia Ikastola\" \/>\n<meta property=\"article:publisher\" content=\"https:\/\/www.facebook.com\/HarrobiaIkastola\" \/>\n<meta property=\"article:published_time\" content=\"2025-04-03T11:00:36+00:00\" \/>\n<meta property=\"article:modified_time\" content=\"2025-04-09T12:43:35+00:00\" \/>\n<meta property=\"og:image\" content=\"https:\/\/harrobia.net\/wp-content\/uploads\/2025\/04\/IMG-20250409-WA0022.jpg\" \/>\n\t<meta property=\"og:image:width\" content=\"1200\" \/>\n\t<meta property=\"og:image:height\" content=\"1600\" \/>\n\t<meta property=\"og:image:type\" content=\"image\/jpeg\" \/>\n<meta name=\"author\" content=\"Harrobia\" \/>\n<meta name=\"twitter:card\" content=\"summary_large_image\" \/>\n<meta name=\"twitter:creator\" content=\"@harrobiaikas\" \/>\n<meta name=\"twitter:site\" content=\"@harrobiaikas\" \/>\n<meta name=\"twitter:label1\" content=\"Escrito por\" \/>\n\t<meta name=\"twitter:data1\" content=\"Harrobia\" \/>\n\t<meta name=\"twitter:label2\" content=\"Tiempo de lectura\" \/>\n\t<meta name=\"twitter:data2\" content=\"1 minuto\" \/>\n<script type=\"application\/ld+json\" class=\"yoast-schema-graph\">{\"@context\":\"https:\\\/\\\/schema.org\",\"@graph\":[{\"@type\":\"Article\",\"@id\":\"https:\\\/\\\/harrobia.net\\\/es\\\/2025\\\/04\\\/gernika-un-viaje-a-nuestra-memoria-historica\\\/#article\",\"isPartOf\":{\"@id\":\"https:\\\/\\\/harrobia.net\\\/es\\\/2025\\\/04\\\/gernika-un-viaje-a-nuestra-memoria-historica\\\/\"},\"author\":{\"name\":\"Harrobia\",\"@id\":\"https:\\\/\\\/harrobia.net\\\/#\\\/schema\\\/person\\\/1d744cfed951cc4f6a3fca6f0b31f524\"},\"headline\":\"Gernika, un viaje a nuestra memoria hist\u00f3rica\",\"datePublished\":\"2025-04-03T11:00:36+00:00\",\"dateModified\":\"2025-04-09T12:43:35+00:00\",\"mainEntityOfPage\":{\"@id\":\"https:\\\/\\\/harrobia.net\\\/es\\\/2025\\\/04\\\/gernika-un-viaje-a-nuestra-memoria-historica\\\/\"},\"wordCount\":160,\"publisher\":{\"@id\":\"https:\\\/\\\/harrobia.net\\\/#organization\"},\"image\":{\"@id\":\"https:\\\/\\\/harrobia.net\\\/es\\\/2025\\\/04\\\/gernika-un-viaje-a-nuestra-memoria-historica\\\/#primaryimage\"},\"thumbnailUrl\":\"https:\\\/\\\/harrobia.net\\\/wp-content\\\/uploads\\\/2025\\\/04\\\/IMG-20250409-WA0022.jpg\",\"keywords\":[\"Oinarrizko Lanbide Heziketa\"],\"articleSection\":[\"Ciclos FP\",\"Deporte e Innovaci\u00f3n\",\"Euskera\",\"Sin categorizar\"],\"inLanguage\":\"es\"},{\"@type\":\"WebPage\",\"@id\":\"https:\\\/\\\/harrobia.net\\\/es\\\/2025\\\/04\\\/gernika-un-viaje-a-nuestra-memoria-historica\\\/\",\"url\":\"https:\\\/\\\/harrobia.net\\\/es\\\/2025\\\/04\\\/gernika-un-viaje-a-nuestra-memoria-historica\\\/\",\"name\":\"Gernika, un viaje a nuestra memoria hist\u00f3rica - Harrobia | Lanbide heziketa Bizkaian\",\"isPartOf\":{\"@id\":\"https:\\\/\\\/harrobia.net\\\/#website\"},\"primaryImageOfPage\":{\"@id\":\"https:\\\/\\\/harrobia.net\\\/es\\\/2025\\\/04\\\/gernika-un-viaje-a-nuestra-memoria-historica\\\/#primaryimage\"},\"image\":{\"@id\":\"https:\\\/\\\/harrobia.net\\\/es\\\/2025\\\/04\\\/gernika-un-viaje-a-nuestra-memoria-historica\\\/#primaryimage\"},\"thumbnailUrl\":\"https:\\\/\\\/harrobia.net\\\/wp-content\\\/uploads\\\/2025\\\/04\\\/IMG-20250409-WA0022.jpg\",\"datePublished\":\"2025-04-03T11:00:36+00:00\",\"dateModified\":\"2025-04-09T12:43:35+00:00\",\"description\":\"Estamos inmersos en la Guerra Civil con el alumnado de FP B\u00e1sica. Para profundizar en los contenidos, hemos visitado Gernika. All\u00ed hemos conocido uno de\",\"breadcrumb\":{\"@id\":\"https:\\\/\\\/harrobia.net\\\/es\\\/2025\\\/04\\\/gernika-un-viaje-a-nuestra-memoria-historica\\\/#breadcrumb\"},\"inLanguage\":\"es\",\"potentialAction\":[{\"@type\":\"ReadAction\",\"target\":[\"https:\\\/\\\/harrobia.net\\\/es\\\/2025\\\/04\\\/gernika-un-viaje-a-nuestra-memoria-historica\\\/\"]}]},{\"@type\":\"ImageObject\",\"inLanguage\":\"es\",\"@id\":\"https:\\\/\\\/harrobia.net\\\/es\\\/2025\\\/04\\\/gernika-un-viaje-a-nuestra-memoria-historica\\\/#primaryimage\",\"url\":\"https:\\\/\\\/harrobia.net\\\/wp-content\\\/uploads\\\/2025\\\/04\\\/IMG-20250409-WA0022.jpg\",\"contentUrl\":\"https:\\\/\\\/harrobia.net\\\/wp-content\\\/uploads\\\/2025\\\/04\\\/IMG-20250409-WA0022.jpg\",\"width\":1200,\"height\":1600},{\"@type\":\"BreadcrumbList\",\"@id\":\"https:\\\/\\\/harrobia.net\\\/es\\\/2025\\\/04\\\/gernika-un-viaje-a-nuestra-memoria-historica\\\/#breadcrumb\",\"itemListElement\":[{\"@type\":\"ListItem\",\"position\":1,\"name\":\"Home\",\"item\":\"https:\\\/\\\/harrobia.net\\\/es\\\/\"},{\"@type\":\"ListItem\",\"position\":2,\"name\":\"Gernika, un viaje a nuestra memoria hist\u00f3rica\"}]},{\"@type\":\"WebSite\",\"@id\":\"https:\\\/\\\/harrobia.net\\\/#website\",\"url\":\"https:\\\/\\\/harrobia.net\\\/\",\"name\":\"Harrobia Ikastola\",\"description\":\"Harrobia Lanbide Heziketaren Ikastola\",\"publisher\":{\"@id\":\"https:\\\/\\\/harrobia.net\\\/#organization\"},\"potentialAction\":[{\"@type\":\"SearchAction\",\"target\":{\"@type\":\"EntryPoint\",\"urlTemplate\":\"https:\\\/\\\/harrobia.net\\\/?s={search_term_string}\"},\"query-input\":{\"@type\":\"PropertyValueSpecification\",\"valueRequired\":true,\"valueName\":\"search_term_string\"}}],\"inLanguage\":\"es\"},{\"@type\":\"Organization\",\"@id\":\"https:\\\/\\\/harrobia.net\\\/#organization\",\"name\":\"Harrobia Ikastola\",\"url\":\"https:\\\/\\\/harrobia.net\\\/\",\"logo\":{\"@type\":\"ImageObject\",\"inLanguage\":\"es\",\"@id\":\"https:\\\/\\\/harrobia.net\\\/#\\\/schema\\\/logo\\\/image\\\/\",\"url\":\"https:\\\/\\\/harrobia.net\\\/wp-content\\\/uploads\\\/2014\\\/07\\\/harrobia.png\",\"contentUrl\":\"https:\\\/\\\/harrobia.net\\\/wp-content\\\/uploads\\\/2014\\\/07\\\/harrobia.png\",\"width\":256,\"height\":71,\"caption\":\"Harrobia Ikastola\"},\"image\":{\"@id\":\"https:\\\/\\\/harrobia.net\\\/#\\\/schema\\\/logo\\\/image\\\/\"},\"sameAs\":[\"https:\\\/\\\/www.facebook.com\\\/HarrobiaIkastola\",\"https:\\\/\\\/x.com\\\/harrobiaikas\",\"https:\\\/\\\/www.instagram.com\\\/harrobiaikastola\",\"https:\\\/\\\/www.youtube.com\\\/user\\\/IbarezkerraBilbo\"]},{\"@type\":\"Person\",\"@id\":\"https:\\\/\\\/harrobia.net\\\/#\\\/schema\\\/person\\\/1d744cfed951cc4f6a3fca6f0b31f524\",\"name\":\"Harrobia\",\"image\":{\"@type\":\"ImageObject\",\"inLanguage\":\"es\",\"@id\":\"https:\\\/\\\/secure.gravatar.com\\\/avatar\\\/1612bf25e223eceb52dad98cf1059e32644be96e26361dd982cbd02be97556f3?s=96&d=mm&r=g\",\"url\":\"https:\\\/\\\/secure.gravatar.com\\\/avatar\\\/1612bf25e223eceb52dad98cf1059e32644be96e26361dd982cbd02be97556f3?s=96&d=mm&r=g\",\"contentUrl\":\"https:\\\/\\\/secure.gravatar.com\\\/avatar\\\/1612bf25e223eceb52dad98cf1059e32644be96e26361dd982cbd02be97556f3?s=96&d=mm&r=g\",\"caption\":\"Harrobia\"}}]}<\/script>\n<!-- \/ Yoast SEO plugin. -->","yoast_head_json":{"title":"Gernika, un viaje a nuestra memoria hist\u00f3rica - Harrobia | Lanbide heziketa Bizkaian","description":"Estamos inmersos en la Guerra Civil con el alumnado de FP B\u00e1sica. Para profundizar en los contenidos, hemos visitado Gernika. All\u00ed hemos conocido uno de","robots":{"index":"index","follow":"follow","max-snippet":"max-snippet:-1","max-image-preview":"max-image-preview:large","max-video-preview":"max-video-preview:-1"},"canonical":"https:\/\/harrobia.net\/es\/2025\/04\/gernika-un-viaje-a-nuestra-memoria-historica\/","og_locale":"es_ES","og_type":"article","og_title":"Gernika, un viaje a nuestra memoria hist\u00f3rica - Harrobia | Lanbide heziketa Bizkaian","og_description":"Estamos inmersos en la Guerra Civil con el alumnado de FP B\u00e1sica. Para profundizar en los contenidos, hemos visitado Gernika. All\u00ed hemos conocido uno de","og_url":"https:\/\/harrobia.net\/es\/2025\/04\/gernika-un-viaje-a-nuestra-memoria-historica\/","og_site_name":"Harrobia Ikastola","article_publisher":"https:\/\/www.facebook.com\/HarrobiaIkastola","article_published_time":"2025-04-03T11:00:36+00:00","article_modified_time":"2025-04-09T12:43:35+00:00","og_image":[{"width":1200,"height":1600,"url":"https:\/\/harrobia.net\/wp-content\/uploads\/2025\/04\/IMG-20250409-WA0022.jpg","type":"image\/jpeg"}],"author":"Harrobia","twitter_card":"summary_large_image","twitter_creator":"@harrobiaikas","twitter_site":"@harrobiaikas","twitter_misc":{"Escrito por":"Harrobia","Tiempo de lectura":"1 minuto"},"schema":{"@context":"https:\/\/schema.org","@graph":[{"@type":"Article","@id":"https:\/\/harrobia.net\/es\/2025\/04\/gernika-un-viaje-a-nuestra-memoria-historica\/#article","isPartOf":{"@id":"https:\/\/harrobia.net\/es\/2025\/04\/gernika-un-viaje-a-nuestra-memoria-historica\/"},"author":{"name":"Harrobia","@id":"https:\/\/harrobia.net\/#\/schema\/person\/1d744cfed951cc4f6a3fca6f0b31f524"},"headline":"Gernika, un viaje a nuestra memoria hist\u00f3rica","datePublished":"2025-04-03T11:00:36+00:00","dateModified":"2025-04-09T12:43:35+00:00","mainEntityOfPage":{"@id":"https:\/\/harrobia.net\/es\/2025\/04\/gernika-un-viaje-a-nuestra-memoria-historica\/"},"wordCount":160,"publisher":{"@id":"https:\/\/harrobia.net\/#organization"},"image":{"@id":"https:\/\/harrobia.net\/es\/2025\/04\/gernika-un-viaje-a-nuestra-memoria-historica\/#primaryimage"},"thumbnailUrl":"https:\/\/harrobia.net\/wp-content\/uploads\/2025\/04\/IMG-20250409-WA0022.jpg","keywords":["Oinarrizko Lanbide Heziketa"],"articleSection":["Ciclos FP","Deporte e Innovaci\u00f3n","Euskera","Sin categorizar"],"inLanguage":"es"},{"@type":"WebPage","@id":"https:\/\/harrobia.net\/es\/2025\/04\/gernika-un-viaje-a-nuestra-memoria-historica\/","url":"https:\/\/harrobia.net\/es\/2025\/04\/gernika-un-viaje-a-nuestra-memoria-historica\/","name":"Gernika, un viaje a nuestra memoria hist\u00f3rica - Harrobia | Lanbide heziketa Bizkaian","isPartOf":{"@id":"https:\/\/harrobia.net\/#website"},"primaryImageOfPage":{"@id":"https:\/\/harrobia.net\/es\/2025\/04\/gernika-un-viaje-a-nuestra-memoria-historica\/#primaryimage"},"image":{"@id":"https:\/\/harrobia.net\/es\/2025\/04\/gernika-un-viaje-a-nuestra-memoria-historica\/#primaryimage"},"thumbnailUrl":"https:\/\/harrobia.net\/wp-content\/uploads\/2025\/04\/IMG-20250409-WA0022.jpg","datePublished":"2025-04-03T11:00:36+00:00","dateModified":"2025-04-09T12:43:35+00:00","description":"Estamos inmersos en la Guerra Civil con el alumnado de FP B\u00e1sica. Para profundizar en los contenidos, hemos visitado Gernika. All\u00ed hemos conocido uno de","breadcrumb":{"@id":"https:\/\/harrobia.net\/es\/2025\/04\/gernika-un-viaje-a-nuestra-memoria-historica\/#breadcrumb"},"inLanguage":"es","potentialAction":[{"@type":"ReadAction","target":["https:\/\/harrobia.net\/es\/2025\/04\/gernika-un-viaje-a-nuestra-memoria-historica\/"]}]},{"@type":"ImageObject","inLanguage":"es","@id":"https:\/\/harrobia.net\/es\/2025\/04\/gernika-un-viaje-a-nuestra-memoria-historica\/#primaryimage","url":"https:\/\/harrobia.net\/wp-content\/uploads\/2025\/04\/IMG-20250409-WA0022.jpg","contentUrl":"https:\/\/harrobia.net\/wp-content\/uploads\/2025\/04\/IMG-20250409-WA0022.jpg","width":1200,"height":1600},{"@type":"BreadcrumbList","@id":"https:\/\/harrobia.net\/es\/2025\/04\/gernika-un-viaje-a-nuestra-memoria-historica\/#breadcrumb","itemListElement":[{"@type":"ListItem","position":1,"name":"Home","item":"https:\/\/harrobia.net\/es\/"},{"@type":"ListItem","position":2,"name":"Gernika, un viaje a nuestra memoria hist\u00f3rica"}]},{"@type":"WebSite","@id":"https:\/\/harrobia.net\/#website","url":"https:\/\/harrobia.net\/","name":"Harrobia Ikastola","description":"Harrobia Lanbide Heziketaren Ikastola","publisher":{"@id":"https:\/\/harrobia.net\/#organization"},"potentialAction":[{"@type":"SearchAction","target":{"@type":"EntryPoint","urlTemplate":"https:\/\/harrobia.net\/?s={search_term_string}"},"query-input":{"@type":"PropertyValueSpecification","valueRequired":true,"valueName":"search_term_string"}}],"inLanguage":"es"},{"@type":"Organization","@id":"https:\/\/harrobia.net\/#organization","name":"Harrobia Ikastola","url":"https:\/\/harrobia.net\/","logo":{"@type":"ImageObject","inLanguage":"es","@id":"https:\/\/harrobia.net\/#\/schema\/logo\/image\/","url":"https:\/\/harrobia.net\/wp-content\/uploads\/2014\/07\/harrobia.png","contentUrl":"https:\/\/harrobia.net\/wp-content\/uploads\/2014\/07\/harrobia.png","width":256,"height":71,"caption":"Harrobia Ikastola"},"image":{"@id":"https:\/\/harrobia.net\/#\/schema\/logo\/image\/"},"sameAs":["https:\/\/www.facebook.com\/HarrobiaIkastola","https:\/\/x.com\/harrobiaikas","https:\/\/www.instagram.com\/harrobiaikastola","https:\/\/www.youtube.com\/user\/IbarezkerraBilbo"]},{"@type":"Person","@id":"https:\/\/harrobia.net\/#\/schema\/person\/1d744cfed951cc4f6a3fca6f0b31f524","name":"Harrobia","image":{"@type":"ImageObject","inLanguage":"es","@id":"https:\/\/secure.gravatar.com\/avatar\/1612bf25e223eceb52dad98cf1059e32644be96e26361dd982cbd02be97556f3?s=96&d=mm&r=g","url":"https:\/\/secure.gravatar.com\/avatar\/1612bf25e223eceb52dad98cf1059e32644be96e26361dd982cbd02be97556f3?s=96&d=mm&r=g","contentUrl":"https:\/\/secure.gravatar.com\/avatar\/1612bf25e223eceb52dad98cf1059e32644be96e26361dd982cbd02be97556f3?s=96&d=mm&r=g","caption":"Harrobia"}}]}},"jetpack_featured_media_url":"https:\/\/harrobia.net\/wp-content\/uploads\/2025\/04\/IMG-20250409-WA0022.jpg","jetpack_sharing_enabled":true,"_links":{"self":[{"href":"https:\/\/harrobia.net\/es\/wp-json\/wp\/v2\/posts\/53167","targetHints":{"allow":["GET"]}}],"collection":[{"href":"https:\/\/harrobia.net\/es\/wp-json\/wp\/v2\/posts"}],"about":[{"href":"https:\/\/harrobia.net\/es\/wp-json\/wp\/v2\/types\/post"}],"author":[{"embeddable":true,"href":"https:\/\/harrobia.net\/es\/wp-json\/wp\/v2\/users\/6"}],"replies":[{"embeddable":true,"href":"https:\/\/harrobia.net\/es\/wp-json\/wp\/v2\/comments?post=53167"}],"version-history":[{"count":3,"href":"https:\/\/harrobia.net\/es\/wp-json\/wp\/v2\/posts\/53167\/revisions"}],"predecessor-version":[{"id":53183,"href":"https:\/\/harrobia.net\/es\/wp-json\/wp\/v2\/posts\/53167\/revisions\/53183"}],"wp:featuredmedia":[{"embeddable":true,"href":"https:\/\/harrobia.net\/es\/wp-json\/wp\/v2\/media\/53188"}],"wp:attachment":[{"href":"https:\/\/harrobia.net\/es\/wp-json\/wp\/v2\/media?parent=53167"}],"wp:term":[{"taxonomy":"category","embeddable":true,"href":"https:\/\/harrobia.net\/es\/wp-json\/wp\/v2\/categories?post=53167"},{"taxonomy":"post_tag","embeddable":true,"href":"https:\/\/harrobia.net\/es\/wp-json\/wp\/v2\/tags?post=53167"}],"curies":[{"name":"wp","href":"https:\/\/api.w.org\/{rel}","templated":true}]}}