{"id":4604,"date":"2014-05-19T18:16:06","date_gmt":"2014-05-19T16:16:06","guid":{"rendered":"http:\/\/harrobia.net\/?p=4604"},"modified":"2014-05-21T13:29:48","modified_gmt":"2014-05-21T11:29:48","slug":"fechas-de-prematricula-y-matricula-para-los-grados-de-formacion-profesional","status":"publish","type":"post","link":"https:\/\/harrobia.net\/es\/2014\/05\/fechas-de-prematricula-y-matricula-para-los-grados-de-formacion-profesional\/","title":{"rendered":"Prematr\u00edcula y Matr\u00edcula"},"content":{"rendered":"<p>Las fechas de\u00a0<b><i>prematr\u00edcula<\/i><\/b>\u00a0en los ciclos formativos\u00a0 para el\u00a0<i>curso\u00a0<\/i><b><i>2014-2015<\/i><\/b>\u00a0son del\u00a0<b>27 de mayo al 6 de junio<\/b>, ambos incluidos. Para poder realizarla, junto con la\u00a0<b>fotocopia del DNI<\/b>\u00a0tendr\u00e1s que traer el\u00a0<b>expediente acad\u00e9mico<\/b>. Si todav\u00eda no lo tienes porque no has finalizado el curso o porque no has aprobado en la convocatoria ordinaria tambi\u00e9n tienes que hacer la prematr\u00edcula en esas fechas y tienes de plazo hasta el 30 de junio para traer el expediente. Las fechas de\u00a0<b>matr\u00edcula<\/b>\u00a0ser\u00e1n del\u00a0<b>9 al 16 de julio<\/b>.<img decoding=\"async\" title=\"Gehiago...\" alt=\"\" src=\"http:\/\/harrobia.net\/wp-includes\/js\/tinymce\/plugins\/wordpress\/img\/trans.gif\" \/><b>Harrobia<\/b>, dentro de su cat\u00e1logo de formaciones, oferta el\u00a0<b>grado medio<\/b>\u00a0de\u00a0<b>Sistemas Microinform\u00e1ticos y Redes<\/b>\u00a0y el\u00a0<b>grado superior<\/b>\u00a0de\u00a0<b>Animaci\u00f3n de Actividades F\u00edsicas y Deportivas<\/b>. Si est\u00e1s interesad@ en alguno de ellos, no dudes en venir a las jornadas de Puertas Abiertas y conocernos.<\/p>\n<p>M\u00e1s informaci\u00f3n en el tel\u00e9fono:\u00a0944724366<\/p>\n<span class=\"et_bloom_bottom_trigger\"><\/span>","protected":false},"excerpt":{"rendered":"<p>Las fechas de\u00a0prematr\u00edcula\u00a0en los ciclos formativos\u00a0 para el\u00a0curso\u00a02014-2015\u00a0son del\u00a027 de mayo al 6 de junio, ambos incluidos. Para poder realizarla, junto con la\u00a0fotocopia del DNI\u00a0tendr\u00e1s que traer el\u00a0expediente acad\u00e9mico. Si todav\u00eda no lo tienes porque no has finalizado el curso o porque no has aprobado en la convocatoria ordinaria tambi\u00e9n tienes que hacer la prematr\u00edcula [&hellip;]<\/p>\n","protected":false},"author":6,"featured_media":0,"comment_status":"closed","ping_status":"open","sticky":false,"template":"","format":"standard","meta":{"_acf_changed":false,"_et_pb_use_builder":"","_et_pb_old_content":"","_et_gb_content_width":"","_jetpack_memberships_contains_paid_content":false,"_joinchat":[],"footnotes":""},"categories":[3],"tags":[],"class_list":["post-4604","post","type-post","status-publish","format-standard","hentry","category-sin-categorizar"],"acf":[],"yoast_head":"<!-- This site is optimized with the Yoast SEO plugin v27.3 - https:\/\/yoast.com\/product\/yoast-seo-wordpress\/ -->\n<title>Prematr\u00edcula y Matr\u00edcula - Harrobia | Lanbide heziketa Bizkaian<\/title>\n<meta name=\"description\" content=\"Las fechas de\u00a0prematr\u00edcula\u00a0en los ciclos formativos\u00a0 para el\u00a0curso\u00a02014-2015\u00a0son del\u00a027 de mayo al 6 de junio, ambos incluidos. Para poder realizarla,\" \/>\n<meta name=\"robots\" content=\"index, follow, max-snippet:-1, max-image-preview:large, max-video-preview:-1\" \/>\n<link rel=\"canonical\" href=\"https:\/\/harrobia.net\/es\/2014\/05\/fechas-de-prematricula-y-matricula-para-los-grados-de-formacion-profesional\/\" \/>\n<meta property=\"og:locale\" content=\"es_ES\" \/>\n<meta property=\"og:type\" content=\"article\" \/>\n<meta property=\"og:title\" content=\"Prematr\u00edcula y Matr\u00edcula - Harrobia | Lanbide heziketa Bizkaian\" \/>\n<meta property=\"og:description\" content=\"Las fechas de\u00a0prematr\u00edcula\u00a0en los ciclos formativos\u00a0 para el\u00a0curso\u00a02014-2015\u00a0son del\u00a027 de mayo al 6 de junio, ambos incluidos. Para poder realizarla,\" \/>\n<meta property=\"og:url\" content=\"https:\/\/harrobia.net\/es\/2014\/05\/fechas-de-prematricula-y-matricula-para-los-grados-de-formacion-profesional\/\" \/>\n<meta property=\"og:site_name\" content=\"Harrobia Ikastola\" \/>\n<meta property=\"article:publisher\" content=\"https:\/\/www.facebook.com\/HarrobiaIkastola\" \/>\n<meta property=\"article:published_time\" content=\"2014-05-19T16:16:06+00:00\" \/>\n<meta property=\"article:modified_time\" content=\"2014-05-21T11:29:48+00:00\" \/>\n<meta property=\"og:image\" content=\"http:\/\/harrobia.net\/wp-includes\/js\/tinymce\/plugins\/wordpress\/img\/trans.gif\" \/>\n<meta name=\"author\" content=\"Harrobia\" \/>\n<meta name=\"twitter:card\" content=\"summary_large_image\" \/>\n<meta name=\"twitter:creator\" content=\"@harrobiaikas\" \/>\n<meta name=\"twitter:site\" content=\"@harrobiaikas\" \/>\n<meta name=\"twitter:label1\" content=\"Escrito por\" \/>\n\t<meta name=\"twitter:data1\" content=\"Harrobia\" \/>\n\t<meta name=\"twitter:label2\" content=\"Tiempo de lectura\" \/>\n\t<meta name=\"twitter:data2\" content=\"1 minuto\" \/>\n<script type=\"application\/ld+json\" class=\"yoast-schema-graph\">{\"@context\":\"https:\\\/\\\/schema.org\",\"@graph\":[{\"@type\":\"Article\",\"@id\":\"https:\\\/\\\/harrobia.net\\\/es\\\/2014\\\/05\\\/fechas-de-prematricula-y-matricula-para-los-grados-de-formacion-profesional\\\/#article\",\"isPartOf\":{\"@id\":\"https:\\\/\\\/harrobia.net\\\/es\\\/2014\\\/05\\\/fechas-de-prematricula-y-matricula-para-los-grados-de-formacion-profesional\\\/\"},\"author\":{\"name\":\"Harrobia\",\"@id\":\"https:\\\/\\\/harrobia.net\\\/#\\\/schema\\\/person\\\/1d744cfed951cc4f6a3fca6f0b31f524\"},\"headline\":\"Prematr\u00edcula y Matr\u00edcula\",\"datePublished\":\"2014-05-19T16:16:06+00:00\",\"dateModified\":\"2014-05-21T11:29:48+00:00\",\"mainEntityOfPage\":{\"@id\":\"https:\\\/\\\/harrobia.net\\\/es\\\/2014\\\/05\\\/fechas-de-prematricula-y-matricula-para-los-grados-de-formacion-profesional\\\/\"},\"wordCount\":158,\"publisher\":{\"@id\":\"https:\\\/\\\/harrobia.net\\\/#organization\"},\"image\":{\"@id\":\"https:\\\/\\\/harrobia.net\\\/es\\\/2014\\\/05\\\/fechas-de-prematricula-y-matricula-para-los-grados-de-formacion-profesional\\\/#primaryimage\"},\"thumbnailUrl\":\"http:\\\/\\\/harrobia.net\\\/wp-includes\\\/js\\\/tinymce\\\/plugins\\\/wordpress\\\/img\\\/trans.gif\",\"articleSection\":[\"Sin categorizar\"],\"inLanguage\":\"es\"},{\"@type\":\"WebPage\",\"@id\":\"https:\\\/\\\/harrobia.net\\\/es\\\/2014\\\/05\\\/fechas-de-prematricula-y-matricula-para-los-grados-de-formacion-profesional\\\/\",\"url\":\"https:\\\/\\\/harrobia.net\\\/es\\\/2014\\\/05\\\/fechas-de-prematricula-y-matricula-para-los-grados-de-formacion-profesional\\\/\",\"name\":\"Prematr\u00edcula y Matr\u00edcula - Harrobia | Lanbide heziketa Bizkaian\",\"isPartOf\":{\"@id\":\"https:\\\/\\\/harrobia.net\\\/#website\"},\"primaryImageOfPage\":{\"@id\":\"https:\\\/\\\/harrobia.net\\\/es\\\/2014\\\/05\\\/fechas-de-prematricula-y-matricula-para-los-grados-de-formacion-profesional\\\/#primaryimage\"},\"image\":{\"@id\":\"https:\\\/\\\/harrobia.net\\\/es\\\/2014\\\/05\\\/fechas-de-prematricula-y-matricula-para-los-grados-de-formacion-profesional\\\/#primaryimage\"},\"thumbnailUrl\":\"http:\\\/\\\/harrobia.net\\\/wp-includes\\\/js\\\/tinymce\\\/plugins\\\/wordpress\\\/img\\\/trans.gif\",\"datePublished\":\"2014-05-19T16:16:06+00:00\",\"dateModified\":\"2014-05-21T11:29:48+00:00\",\"description\":\"Las fechas de\u00a0prematr\u00edcula\u00a0en los ciclos formativos\u00a0 para el\u00a0curso\u00a02014-2015\u00a0son del\u00a027 de mayo al 6 de junio, ambos incluidos. Para poder realizarla,\",\"breadcrumb\":{\"@id\":\"https:\\\/\\\/harrobia.net\\\/es\\\/2014\\\/05\\\/fechas-de-prematricula-y-matricula-para-los-grados-de-formacion-profesional\\\/#breadcrumb\"},\"inLanguage\":\"es\",\"potentialAction\":[{\"@type\":\"ReadAction\",\"target\":[\"https:\\\/\\\/harrobia.net\\\/es\\\/2014\\\/05\\\/fechas-de-prematricula-y-matricula-para-los-grados-de-formacion-profesional\\\/\"]}]},{\"@type\":\"ImageObject\",\"inLanguage\":\"es\",\"@id\":\"https:\\\/\\\/harrobia.net\\\/es\\\/2014\\\/05\\\/fechas-de-prematricula-y-matricula-para-los-grados-de-formacion-profesional\\\/#primaryimage\",\"url\":\"http:\\\/\\\/harrobia.net\\\/wp-includes\\\/js\\\/tinymce\\\/plugins\\\/wordpress\\\/img\\\/trans.gif\",\"contentUrl\":\"http:\\\/\\\/harrobia.net\\\/wp-includes\\\/js\\\/tinymce\\\/plugins\\\/wordpress\\\/img\\\/trans.gif\"},{\"@type\":\"BreadcrumbList\",\"@id\":\"https:\\\/\\\/harrobia.net\\\/es\\\/2014\\\/05\\\/fechas-de-prematricula-y-matricula-para-los-grados-de-formacion-profesional\\\/#breadcrumb\",\"itemListElement\":[{\"@type\":\"ListItem\",\"position\":1,\"name\":\"Home\",\"item\":\"https:\\\/\\\/harrobia.net\\\/es\\\/\"},{\"@type\":\"ListItem\",\"position\":2,\"name\":\"Prematr\u00edcula y Matr\u00edcula\"}]},{\"@type\":\"WebSite\",\"@id\":\"https:\\\/\\\/harrobia.net\\\/#website\",\"url\":\"https:\\\/\\\/harrobia.net\\\/\",\"name\":\"Harrobia Ikastola\",\"description\":\"Harrobia Lanbide Heziketaren Ikastola\",\"publisher\":{\"@id\":\"https:\\\/\\\/harrobia.net\\\/#organization\"},\"potentialAction\":[{\"@type\":\"SearchAction\",\"target\":{\"@type\":\"EntryPoint\",\"urlTemplate\":\"https:\\\/\\\/harrobia.net\\\/?s={search_term_string}\"},\"query-input\":{\"@type\":\"PropertyValueSpecification\",\"valueRequired\":true,\"valueName\":\"search_term_string\"}}],\"inLanguage\":\"es\"},{\"@type\":\"Organization\",\"@id\":\"https:\\\/\\\/harrobia.net\\\/#organization\",\"name\":\"Harrobia Ikastola\",\"url\":\"https:\\\/\\\/harrobia.net\\\/\",\"logo\":{\"@type\":\"ImageObject\",\"inLanguage\":\"es\",\"@id\":\"https:\\\/\\\/harrobia.net\\\/#\\\/schema\\\/logo\\\/image\\\/\",\"url\":\"https:\\\/\\\/harrobia.net\\\/wp-content\\\/uploads\\\/2014\\\/07\\\/harrobia.png\",\"contentUrl\":\"https:\\\/\\\/harrobia.net\\\/wp-content\\\/uploads\\\/2014\\\/07\\\/harrobia.png\",\"width\":256,\"height\":71,\"caption\":\"Harrobia Ikastola\"},\"image\":{\"@id\":\"https:\\\/\\\/harrobia.net\\\/#\\\/schema\\\/logo\\\/image\\\/\"},\"sameAs\":[\"https:\\\/\\\/www.facebook.com\\\/HarrobiaIkastola\",\"https:\\\/\\\/x.com\\\/harrobiaikas\",\"https:\\\/\\\/www.instagram.com\\\/harrobiaikastola\",\"https:\\\/\\\/www.youtube.com\\\/user\\\/IbarezkerraBilbo\"]},{\"@type\":\"Person\",\"@id\":\"https:\\\/\\\/harrobia.net\\\/#\\\/schema\\\/person\\\/1d744cfed951cc4f6a3fca6f0b31f524\",\"name\":\"Harrobia\",\"image\":{\"@type\":\"ImageObject\",\"inLanguage\":\"es\",\"@id\":\"https:\\\/\\\/secure.gravatar.com\\\/avatar\\\/1612bf25e223eceb52dad98cf1059e32644be96e26361dd982cbd02be97556f3?s=96&d=mm&r=g\",\"url\":\"https:\\\/\\\/secure.gravatar.com\\\/avatar\\\/1612bf25e223eceb52dad98cf1059e32644be96e26361dd982cbd02be97556f3?s=96&d=mm&r=g\",\"contentUrl\":\"https:\\\/\\\/secure.gravatar.com\\\/avatar\\\/1612bf25e223eceb52dad98cf1059e32644be96e26361dd982cbd02be97556f3?s=96&d=mm&r=g\",\"caption\":\"Harrobia\"}}]}<\/script>\n<!-- \/ Yoast SEO plugin. -->","yoast_head_json":{"title":"Prematr\u00edcula y Matr\u00edcula - Harrobia | Lanbide heziketa Bizkaian","description":"Las fechas de\u00a0prematr\u00edcula\u00a0en los ciclos formativos\u00a0 para el\u00a0curso\u00a02014-2015\u00a0son del\u00a027 de mayo al 6 de junio, ambos incluidos. Para poder realizarla,","robots":{"index":"index","follow":"follow","max-snippet":"max-snippet:-1","max-image-preview":"max-image-preview:large","max-video-preview":"max-video-preview:-1"},"canonical":"https:\/\/harrobia.net\/es\/2014\/05\/fechas-de-prematricula-y-matricula-para-los-grados-de-formacion-profesional\/","og_locale":"es_ES","og_type":"article","og_title":"Prematr\u00edcula y Matr\u00edcula - Harrobia | Lanbide heziketa Bizkaian","og_description":"Las fechas de\u00a0prematr\u00edcula\u00a0en los ciclos formativos\u00a0 para el\u00a0curso\u00a02014-2015\u00a0son del\u00a027 de mayo al 6 de junio, ambos incluidos. Para poder realizarla,","og_url":"https:\/\/harrobia.net\/es\/2014\/05\/fechas-de-prematricula-y-matricula-para-los-grados-de-formacion-profesional\/","og_site_name":"Harrobia Ikastola","article_publisher":"https:\/\/www.facebook.com\/HarrobiaIkastola","article_published_time":"2014-05-19T16:16:06+00:00","article_modified_time":"2014-05-21T11:29:48+00:00","og_image":[{"url":"http:\/\/harrobia.net\/wp-includes\/js\/tinymce\/plugins\/wordpress\/img\/trans.gif","type":"","width":"","height":""}],"author":"Harrobia","twitter_card":"summary_large_image","twitter_creator":"@harrobiaikas","twitter_site":"@harrobiaikas","twitter_misc":{"Escrito por":"Harrobia","Tiempo de lectura":"1 minuto"},"schema":{"@context":"https:\/\/schema.org","@graph":[{"@type":"Article","@id":"https:\/\/harrobia.net\/es\/2014\/05\/fechas-de-prematricula-y-matricula-para-los-grados-de-formacion-profesional\/#article","isPartOf":{"@id":"https:\/\/harrobia.net\/es\/2014\/05\/fechas-de-prematricula-y-matricula-para-los-grados-de-formacion-profesional\/"},"author":{"name":"Harrobia","@id":"https:\/\/harrobia.net\/#\/schema\/person\/1d744cfed951cc4f6a3fca6f0b31f524"},"headline":"Prematr\u00edcula y Matr\u00edcula","datePublished":"2014-05-19T16:16:06+00:00","dateModified":"2014-05-21T11:29:48+00:00","mainEntityOfPage":{"@id":"https:\/\/harrobia.net\/es\/2014\/05\/fechas-de-prematricula-y-matricula-para-los-grados-de-formacion-profesional\/"},"wordCount":158,"publisher":{"@id":"https:\/\/harrobia.net\/#organization"},"image":{"@id":"https:\/\/harrobia.net\/es\/2014\/05\/fechas-de-prematricula-y-matricula-para-los-grados-de-formacion-profesional\/#primaryimage"},"thumbnailUrl":"http:\/\/harrobia.net\/wp-includes\/js\/tinymce\/plugins\/wordpress\/img\/trans.gif","articleSection":["Sin categorizar"],"inLanguage":"es"},{"@type":"WebPage","@id":"https:\/\/harrobia.net\/es\/2014\/05\/fechas-de-prematricula-y-matricula-para-los-grados-de-formacion-profesional\/","url":"https:\/\/harrobia.net\/es\/2014\/05\/fechas-de-prematricula-y-matricula-para-los-grados-de-formacion-profesional\/","name":"Prematr\u00edcula y Matr\u00edcula - Harrobia | Lanbide heziketa Bizkaian","isPartOf":{"@id":"https:\/\/harrobia.net\/#website"},"primaryImageOfPage":{"@id":"https:\/\/harrobia.net\/es\/2014\/05\/fechas-de-prematricula-y-matricula-para-los-grados-de-formacion-profesional\/#primaryimage"},"image":{"@id":"https:\/\/harrobia.net\/es\/2014\/05\/fechas-de-prematricula-y-matricula-para-los-grados-de-formacion-profesional\/#primaryimage"},"thumbnailUrl":"http:\/\/harrobia.net\/wp-includes\/js\/tinymce\/plugins\/wordpress\/img\/trans.gif","datePublished":"2014-05-19T16:16:06+00:00","dateModified":"2014-05-21T11:29:48+00:00","description":"Las fechas de\u00a0prematr\u00edcula\u00a0en los ciclos formativos\u00a0 para el\u00a0curso\u00a02014-2015\u00a0son del\u00a027 de mayo al 6 de junio, ambos incluidos. Para poder realizarla,","breadcrumb":{"@id":"https:\/\/harrobia.net\/es\/2014\/05\/fechas-de-prematricula-y-matricula-para-los-grados-de-formacion-profesional\/#breadcrumb"},"inLanguage":"es","potentialAction":[{"@type":"ReadAction","target":["https:\/\/harrobia.net\/es\/2014\/05\/fechas-de-prematricula-y-matricula-para-los-grados-de-formacion-profesional\/"]}]},{"@type":"ImageObject","inLanguage":"es","@id":"https:\/\/harrobia.net\/es\/2014\/05\/fechas-de-prematricula-y-matricula-para-los-grados-de-formacion-profesional\/#primaryimage","url":"http:\/\/harrobia.net\/wp-includes\/js\/tinymce\/plugins\/wordpress\/img\/trans.gif","contentUrl":"http:\/\/harrobia.net\/wp-includes\/js\/tinymce\/plugins\/wordpress\/img\/trans.gif"},{"@type":"BreadcrumbList","@id":"https:\/\/harrobia.net\/es\/2014\/05\/fechas-de-prematricula-y-matricula-para-los-grados-de-formacion-profesional\/#breadcrumb","itemListElement":[{"@type":"ListItem","position":1,"name":"Home","item":"https:\/\/harrobia.net\/es\/"},{"@type":"ListItem","position":2,"name":"Prematr\u00edcula y Matr\u00edcula"}]},{"@type":"WebSite","@id":"https:\/\/harrobia.net\/#website","url":"https:\/\/harrobia.net\/","name":"Harrobia Ikastola","description":"Harrobia Lanbide Heziketaren Ikastola","publisher":{"@id":"https:\/\/harrobia.net\/#organization"},"potentialAction":[{"@type":"SearchAction","target":{"@type":"EntryPoint","urlTemplate":"https:\/\/harrobia.net\/?s={search_term_string}"},"query-input":{"@type":"PropertyValueSpecification","valueRequired":true,"valueName":"search_term_string"}}],"inLanguage":"es"},{"@type":"Organization","@id":"https:\/\/harrobia.net\/#organization","name":"Harrobia Ikastola","url":"https:\/\/harrobia.net\/","logo":{"@type":"ImageObject","inLanguage":"es","@id":"https:\/\/harrobia.net\/#\/schema\/logo\/image\/","url":"https:\/\/harrobia.net\/wp-content\/uploads\/2014\/07\/harrobia.png","contentUrl":"https:\/\/harrobia.net\/wp-content\/uploads\/2014\/07\/harrobia.png","width":256,"height":71,"caption":"Harrobia Ikastola"},"image":{"@id":"https:\/\/harrobia.net\/#\/schema\/logo\/image\/"},"sameAs":["https:\/\/www.facebook.com\/HarrobiaIkastola","https:\/\/x.com\/harrobiaikas","https:\/\/www.instagram.com\/harrobiaikastola","https:\/\/www.youtube.com\/user\/IbarezkerraBilbo"]},{"@type":"Person","@id":"https:\/\/harrobia.net\/#\/schema\/person\/1d744cfed951cc4f6a3fca6f0b31f524","name":"Harrobia","image":{"@type":"ImageObject","inLanguage":"es","@id":"https:\/\/secure.gravatar.com\/avatar\/1612bf25e223eceb52dad98cf1059e32644be96e26361dd982cbd02be97556f3?s=96&d=mm&r=g","url":"https:\/\/secure.gravatar.com\/avatar\/1612bf25e223eceb52dad98cf1059e32644be96e26361dd982cbd02be97556f3?s=96&d=mm&r=g","contentUrl":"https:\/\/secure.gravatar.com\/avatar\/1612bf25e223eceb52dad98cf1059e32644be96e26361dd982cbd02be97556f3?s=96&d=mm&r=g","caption":"Harrobia"}}]}},"jetpack_featured_media_url":"","jetpack_sharing_enabled":true,"_links":{"self":[{"href":"https:\/\/harrobia.net\/es\/wp-json\/wp\/v2\/posts\/4604","targetHints":{"allow":["GET"]}}],"collection":[{"href":"https:\/\/harrobia.net\/es\/wp-json\/wp\/v2\/posts"}],"about":[{"href":"https:\/\/harrobia.net\/es\/wp-json\/wp\/v2\/types\/post"}],"author":[{"embeddable":true,"href":"https:\/\/harrobia.net\/es\/wp-json\/wp\/v2\/users\/6"}],"replies":[{"embeddable":true,"href":"https:\/\/harrobia.net\/es\/wp-json\/wp\/v2\/comments?post=4604"}],"version-history":[{"count":0,"href":"https:\/\/harrobia.net\/es\/wp-json\/wp\/v2\/posts\/4604\/revisions"}],"wp:attachment":[{"href":"https:\/\/harrobia.net\/es\/wp-json\/wp\/v2\/media?parent=4604"}],"wp:term":[{"taxonomy":"category","embeddable":true,"href":"https:\/\/harrobia.net\/es\/wp-json\/wp\/v2\/categories?post=4604"},{"taxonomy":"post_tag","embeddable":true,"href":"https:\/\/harrobia.net\/es\/wp-json\/wp\/v2\/tags?post=4604"}],"curies":[{"name":"wp","href":"https:\/\/api.w.org\/{rel}","templated":true}]}}