{"id":4326,"date":"2014-04-07T12:27:14","date_gmt":"2014-04-07T10:27:14","guid":{"rendered":"http:\/\/harrobia.net\/?p=4326"},"modified":"2014-04-07T12:27:14","modified_gmt":"2014-04-07T10:27:14","slug":"harrobia-acudio-al-foro-interescolar-de-bilbao-dentro-de-la-agenda-21","status":"publish","type":"post","link":"https:\/\/harrobia.net\/es\/2014\/04\/harrobia-acudio-al-foro-interescolar-de-bilbao-dentro-de-la-agenda-21\/","title":{"rendered":"Harrobia acudi\u00f3 al Foro Interescolar de Bilbao dentro de la Agenda 21"},"content":{"rendered":"<p><b><a href=\"http:\/\/harrobia.net\/wp-content\/uploads\/2014\/04\/Captura-de-pantalla-2014-04-04-a-las-11.38.37.png\"><img loading=\"lazy\" decoding=\"async\" class=\"alignleft size-thumbnail wp-image-4329\" alt=\"Captura de pantalla 2014-04-04 a la(s) 11.38.37\" src=\"http:\/\/harrobia.net\/wp-content\/uploads\/2014\/04\/Captura-de-pantalla-2014-04-04-a-las-11.38.37-150x150.png\" width=\"150\" height=\"150\" srcset=\"https:\/\/harrobia.net\/wp-content\/uploads\/2014\/04\/Captura-de-pantalla-2014-04-04-a-las-11.38.37-150x150.png 150w, https:\/\/harrobia.net\/wp-content\/uploads\/2014\/04\/Captura-de-pantalla-2014-04-04-a-las-11.38.37-92x92.png 92w\" sizes=\"(max-width: 150px) 100vw, 150px\" \/><\/a>Txabi del Corte<\/b>, profesor y tutor de <b>Harrobia<\/b>, y en representaci\u00f3n de nuestro centro, acudi\u00f3 el mi\u00e9rcoles 3 de Abril al <b>Foro Interescolar<\/b> de Bilbao, dentro del programa <b>Agenda 21<\/b>, programa promovido por el <i>Departamento de Educaci\u00f3n<\/i> y el <i>Ayuntamiento de Bilbao que tiene como objetivo la promoci\u00f3n de la sostenibilidad<\/i>.<\/p>\n<p><!--more--><\/p>\n<p>En dicho foro, se debatieron diferentes propuestas realizadas por los diferentes agentes seg\u00fan sus diagn\u00f3sticos, entre ellos los propuestos por Harrobia y el trabajo de diagn\u00f3stico realizado por sus estudiantes y profesores.<\/p>\n<p>En breve, se dar\u00e1n a conocer los resultados de dichas propuestas.<\/p>\n<span class=\"et_bloom_bottom_trigger\"><\/span>","protected":false},"excerpt":{"rendered":"<p>Txabi del Corte, profesor y tutor de Harrobia, y en representaci\u00f3n de nuestro centro, acudi\u00f3 el mi\u00e9rcoles 3 de Abril al Foro Interescolar de Bilbao, dentro del programa Agenda 21, programa promovido por el Departamento de Educaci\u00f3n y el Ayuntamiento de Bilbao que tiene como objetivo la promoci\u00f3n de la sostenibilidad.<\/p>\n","protected":false},"author":6,"featured_media":0,"comment_status":"closed","ping_status":"open","sticky":false,"template":"","format":"standard","meta":{"_acf_changed":false,"_et_pb_use_builder":"","_et_pb_old_content":"","_et_gb_content_width":"","_jetpack_memberships_contains_paid_content":false,"_joinchat":[],"footnotes":""},"categories":[3],"tags":[],"class_list":["post-4326","post","type-post","status-publish","format-standard","hentry","category-sin-categorizar"],"acf":[],"yoast_head":"<!-- This site is optimized with the Yoast SEO plugin v27.3 - https:\/\/yoast.com\/product\/yoast-seo-wordpress\/ -->\n<title>Harrobia acudi\u00f3 al Foro Interescolar de Bilbao dentro de la Agenda 21 - Harrobia | Lanbide heziketa Bizkaian<\/title>\n<meta name=\"description\" content=\"Txabi del Corte, profesor y tutor de Harrobia, y en representaci\u00f3n de nuestro centro, acudi\u00f3 el mi\u00e9rcoles 3 de Abril al Foro Interescolar de Bilbao,\" \/>\n<meta name=\"robots\" content=\"index, follow, max-snippet:-1, max-image-preview:large, max-video-preview:-1\" \/>\n<link rel=\"canonical\" href=\"https:\/\/harrobia.net\/es\/2014\/04\/harrobia-acudio-al-foro-interescolar-de-bilbao-dentro-de-la-agenda-21\/\" \/>\n<meta property=\"og:locale\" content=\"es_ES\" \/>\n<meta property=\"og:type\" content=\"article\" \/>\n<meta property=\"og:title\" content=\"Harrobia acudi\u00f3 al Foro Interescolar de Bilbao dentro de la Agenda 21 - Harrobia | Lanbide heziketa Bizkaian\" \/>\n<meta property=\"og:description\" content=\"Txabi del Corte, profesor y tutor de Harrobia, y en representaci\u00f3n de nuestro centro, acudi\u00f3 el mi\u00e9rcoles 3 de Abril al Foro Interescolar de Bilbao,\" \/>\n<meta property=\"og:url\" content=\"https:\/\/harrobia.net\/es\/2014\/04\/harrobia-acudio-al-foro-interescolar-de-bilbao-dentro-de-la-agenda-21\/\" \/>\n<meta property=\"og:site_name\" content=\"Harrobia Ikastola\" \/>\n<meta property=\"article:publisher\" content=\"https:\/\/www.facebook.com\/HarrobiaIkastola\" \/>\n<meta property=\"article:published_time\" content=\"2014-04-07T10:27:14+00:00\" \/>\n<meta property=\"og:image\" content=\"http:\/\/harrobia.net\/wp-content\/uploads\/2014\/04\/Captura-de-pantalla-2014-04-04-a-las-11.38.37-150x150.png\" \/>\n<meta name=\"author\" content=\"Harrobia\" \/>\n<meta name=\"twitter:card\" content=\"summary_large_image\" \/>\n<meta name=\"twitter:creator\" content=\"@harrobiaikas\" \/>\n<meta name=\"twitter:site\" content=\"@harrobiaikas\" \/>\n<meta name=\"twitter:label1\" content=\"Escrito por\" \/>\n\t<meta name=\"twitter:data1\" content=\"Harrobia\" \/>\n\t<meta name=\"twitter:label2\" content=\"Tiempo de lectura\" \/>\n\t<meta name=\"twitter:data2\" content=\"1 minuto\" \/>\n<script type=\"application\/ld+json\" class=\"yoast-schema-graph\">{\"@context\":\"https:\\\/\\\/schema.org\",\"@graph\":[{\"@type\":\"Article\",\"@id\":\"https:\\\/\\\/harrobia.net\\\/es\\\/2014\\\/04\\\/harrobia-acudio-al-foro-interescolar-de-bilbao-dentro-de-la-agenda-21\\\/#article\",\"isPartOf\":{\"@id\":\"https:\\\/\\\/harrobia.net\\\/es\\\/2014\\\/04\\\/harrobia-acudio-al-foro-interescolar-de-bilbao-dentro-de-la-agenda-21\\\/\"},\"author\":{\"name\":\"Harrobia\",\"@id\":\"https:\\\/\\\/harrobia.net\\\/#\\\/schema\\\/person\\\/1d744cfed951cc4f6a3fca6f0b31f524\"},\"headline\":\"Harrobia acudi\u00f3 al Foro Interescolar de Bilbao dentro de la Agenda 21\",\"datePublished\":\"2014-04-07T10:27:14+00:00\",\"mainEntityOfPage\":{\"@id\":\"https:\\\/\\\/harrobia.net\\\/es\\\/2014\\\/04\\\/harrobia-acudio-al-foro-interescolar-de-bilbao-dentro-de-la-agenda-21\\\/\"},\"wordCount\":111,\"publisher\":{\"@id\":\"https:\\\/\\\/harrobia.net\\\/#organization\"},\"image\":{\"@id\":\"https:\\\/\\\/harrobia.net\\\/es\\\/2014\\\/04\\\/harrobia-acudio-al-foro-interescolar-de-bilbao-dentro-de-la-agenda-21\\\/#primaryimage\"},\"thumbnailUrl\":\"http:\\\/\\\/harrobia.net\\\/wp-content\\\/uploads\\\/2014\\\/04\\\/Captura-de-pantalla-2014-04-04-a-las-11.38.37-150x150.png\",\"articleSection\":[\"Sin categorizar\"],\"inLanguage\":\"es\"},{\"@type\":\"WebPage\",\"@id\":\"https:\\\/\\\/harrobia.net\\\/es\\\/2014\\\/04\\\/harrobia-acudio-al-foro-interescolar-de-bilbao-dentro-de-la-agenda-21\\\/\",\"url\":\"https:\\\/\\\/harrobia.net\\\/es\\\/2014\\\/04\\\/harrobia-acudio-al-foro-interescolar-de-bilbao-dentro-de-la-agenda-21\\\/\",\"name\":\"Harrobia acudi\u00f3 al Foro Interescolar de Bilbao dentro de la Agenda 21 - Harrobia | Lanbide heziketa Bizkaian\",\"isPartOf\":{\"@id\":\"https:\\\/\\\/harrobia.net\\\/#website\"},\"primaryImageOfPage\":{\"@id\":\"https:\\\/\\\/harrobia.net\\\/es\\\/2014\\\/04\\\/harrobia-acudio-al-foro-interescolar-de-bilbao-dentro-de-la-agenda-21\\\/#primaryimage\"},\"image\":{\"@id\":\"https:\\\/\\\/harrobia.net\\\/es\\\/2014\\\/04\\\/harrobia-acudio-al-foro-interescolar-de-bilbao-dentro-de-la-agenda-21\\\/#primaryimage\"},\"thumbnailUrl\":\"http:\\\/\\\/harrobia.net\\\/wp-content\\\/uploads\\\/2014\\\/04\\\/Captura-de-pantalla-2014-04-04-a-las-11.38.37-150x150.png\",\"datePublished\":\"2014-04-07T10:27:14+00:00\",\"description\":\"Txabi del Corte, profesor y tutor de Harrobia, y en representaci\u00f3n de nuestro centro, acudi\u00f3 el mi\u00e9rcoles 3 de Abril al Foro Interescolar de Bilbao,\",\"breadcrumb\":{\"@id\":\"https:\\\/\\\/harrobia.net\\\/es\\\/2014\\\/04\\\/harrobia-acudio-al-foro-interescolar-de-bilbao-dentro-de-la-agenda-21\\\/#breadcrumb\"},\"inLanguage\":\"es\",\"potentialAction\":[{\"@type\":\"ReadAction\",\"target\":[\"https:\\\/\\\/harrobia.net\\\/es\\\/2014\\\/04\\\/harrobia-acudio-al-foro-interescolar-de-bilbao-dentro-de-la-agenda-21\\\/\"]}]},{\"@type\":\"ImageObject\",\"inLanguage\":\"es\",\"@id\":\"https:\\\/\\\/harrobia.net\\\/es\\\/2014\\\/04\\\/harrobia-acudio-al-foro-interescolar-de-bilbao-dentro-de-la-agenda-21\\\/#primaryimage\",\"url\":\"http:\\\/\\\/harrobia.net\\\/wp-content\\\/uploads\\\/2014\\\/04\\\/Captura-de-pantalla-2014-04-04-a-las-11.38.37-150x150.png\",\"contentUrl\":\"http:\\\/\\\/harrobia.net\\\/wp-content\\\/uploads\\\/2014\\\/04\\\/Captura-de-pantalla-2014-04-04-a-las-11.38.37-150x150.png\"},{\"@type\":\"BreadcrumbList\",\"@id\":\"https:\\\/\\\/harrobia.net\\\/es\\\/2014\\\/04\\\/harrobia-acudio-al-foro-interescolar-de-bilbao-dentro-de-la-agenda-21\\\/#breadcrumb\",\"itemListElement\":[{\"@type\":\"ListItem\",\"position\":1,\"name\":\"Home\",\"item\":\"https:\\\/\\\/harrobia.net\\\/es\\\/\"},{\"@type\":\"ListItem\",\"position\":2,\"name\":\"Harrobia acudi\u00f3 al Foro Interescolar de Bilbao dentro de la Agenda 21\"}]},{\"@type\":\"WebSite\",\"@id\":\"https:\\\/\\\/harrobia.net\\\/#website\",\"url\":\"https:\\\/\\\/harrobia.net\\\/\",\"name\":\"Harrobia Ikastola\",\"description\":\"Harrobia Lanbide Heziketaren Ikastola\",\"publisher\":{\"@id\":\"https:\\\/\\\/harrobia.net\\\/#organization\"},\"potentialAction\":[{\"@type\":\"SearchAction\",\"target\":{\"@type\":\"EntryPoint\",\"urlTemplate\":\"https:\\\/\\\/harrobia.net\\\/?s={search_term_string}\"},\"query-input\":{\"@type\":\"PropertyValueSpecification\",\"valueRequired\":true,\"valueName\":\"search_term_string\"}}],\"inLanguage\":\"es\"},{\"@type\":\"Organization\",\"@id\":\"https:\\\/\\\/harrobia.net\\\/#organization\",\"name\":\"Harrobia Ikastola\",\"url\":\"https:\\\/\\\/harrobia.net\\\/\",\"logo\":{\"@type\":\"ImageObject\",\"inLanguage\":\"es\",\"@id\":\"https:\\\/\\\/harrobia.net\\\/#\\\/schema\\\/logo\\\/image\\\/\",\"url\":\"https:\\\/\\\/harrobia.net\\\/wp-content\\\/uploads\\\/2014\\\/07\\\/harrobia.png\",\"contentUrl\":\"https:\\\/\\\/harrobia.net\\\/wp-content\\\/uploads\\\/2014\\\/07\\\/harrobia.png\",\"width\":256,\"height\":71,\"caption\":\"Harrobia Ikastola\"},\"image\":{\"@id\":\"https:\\\/\\\/harrobia.net\\\/#\\\/schema\\\/logo\\\/image\\\/\"},\"sameAs\":[\"https:\\\/\\\/www.facebook.com\\\/HarrobiaIkastola\",\"https:\\\/\\\/x.com\\\/harrobiaikas\",\"https:\\\/\\\/www.instagram.com\\\/harrobiaikastola\",\"https:\\\/\\\/www.youtube.com\\\/user\\\/IbarezkerraBilbo\"]},{\"@type\":\"Person\",\"@id\":\"https:\\\/\\\/harrobia.net\\\/#\\\/schema\\\/person\\\/1d744cfed951cc4f6a3fca6f0b31f524\",\"name\":\"Harrobia\",\"image\":{\"@type\":\"ImageObject\",\"inLanguage\":\"es\",\"@id\":\"https:\\\/\\\/secure.gravatar.com\\\/avatar\\\/1612bf25e223eceb52dad98cf1059e32644be96e26361dd982cbd02be97556f3?s=96&d=mm&r=g\",\"url\":\"https:\\\/\\\/secure.gravatar.com\\\/avatar\\\/1612bf25e223eceb52dad98cf1059e32644be96e26361dd982cbd02be97556f3?s=96&d=mm&r=g\",\"contentUrl\":\"https:\\\/\\\/secure.gravatar.com\\\/avatar\\\/1612bf25e223eceb52dad98cf1059e32644be96e26361dd982cbd02be97556f3?s=96&d=mm&r=g\",\"caption\":\"Harrobia\"}}]}<\/script>\n<!-- \/ Yoast SEO plugin. -->","yoast_head_json":{"title":"Harrobia acudi\u00f3 al Foro Interescolar de Bilbao dentro de la Agenda 21 - Harrobia | Lanbide heziketa Bizkaian","description":"Txabi del Corte, profesor y tutor de Harrobia, y en representaci\u00f3n de nuestro centro, acudi\u00f3 el mi\u00e9rcoles 3 de Abril al Foro Interescolar de Bilbao,","robots":{"index":"index","follow":"follow","max-snippet":"max-snippet:-1","max-image-preview":"max-image-preview:large","max-video-preview":"max-video-preview:-1"},"canonical":"https:\/\/harrobia.net\/es\/2014\/04\/harrobia-acudio-al-foro-interescolar-de-bilbao-dentro-de-la-agenda-21\/","og_locale":"es_ES","og_type":"article","og_title":"Harrobia acudi\u00f3 al Foro Interescolar de Bilbao dentro de la Agenda 21 - Harrobia | Lanbide heziketa Bizkaian","og_description":"Txabi del Corte, profesor y tutor de Harrobia, y en representaci\u00f3n de nuestro centro, acudi\u00f3 el mi\u00e9rcoles 3 de Abril al Foro Interescolar de Bilbao,","og_url":"https:\/\/harrobia.net\/es\/2014\/04\/harrobia-acudio-al-foro-interescolar-de-bilbao-dentro-de-la-agenda-21\/","og_site_name":"Harrobia Ikastola","article_publisher":"https:\/\/www.facebook.com\/HarrobiaIkastola","article_published_time":"2014-04-07T10:27:14+00:00","og_image":[{"url":"http:\/\/harrobia.net\/wp-content\/uploads\/2014\/04\/Captura-de-pantalla-2014-04-04-a-las-11.38.37-150x150.png","type":"","width":"","height":""}],"author":"Harrobia","twitter_card":"summary_large_image","twitter_creator":"@harrobiaikas","twitter_site":"@harrobiaikas","twitter_misc":{"Escrito por":"Harrobia","Tiempo de lectura":"1 minuto"},"schema":{"@context":"https:\/\/schema.org","@graph":[{"@type":"Article","@id":"https:\/\/harrobia.net\/es\/2014\/04\/harrobia-acudio-al-foro-interescolar-de-bilbao-dentro-de-la-agenda-21\/#article","isPartOf":{"@id":"https:\/\/harrobia.net\/es\/2014\/04\/harrobia-acudio-al-foro-interescolar-de-bilbao-dentro-de-la-agenda-21\/"},"author":{"name":"Harrobia","@id":"https:\/\/harrobia.net\/#\/schema\/person\/1d744cfed951cc4f6a3fca6f0b31f524"},"headline":"Harrobia acudi\u00f3 al Foro Interescolar de Bilbao dentro de la Agenda 21","datePublished":"2014-04-07T10:27:14+00:00","mainEntityOfPage":{"@id":"https:\/\/harrobia.net\/es\/2014\/04\/harrobia-acudio-al-foro-interescolar-de-bilbao-dentro-de-la-agenda-21\/"},"wordCount":111,"publisher":{"@id":"https:\/\/harrobia.net\/#organization"},"image":{"@id":"https:\/\/harrobia.net\/es\/2014\/04\/harrobia-acudio-al-foro-interescolar-de-bilbao-dentro-de-la-agenda-21\/#primaryimage"},"thumbnailUrl":"http:\/\/harrobia.net\/wp-content\/uploads\/2014\/04\/Captura-de-pantalla-2014-04-04-a-las-11.38.37-150x150.png","articleSection":["Sin categorizar"],"inLanguage":"es"},{"@type":"WebPage","@id":"https:\/\/harrobia.net\/es\/2014\/04\/harrobia-acudio-al-foro-interescolar-de-bilbao-dentro-de-la-agenda-21\/","url":"https:\/\/harrobia.net\/es\/2014\/04\/harrobia-acudio-al-foro-interescolar-de-bilbao-dentro-de-la-agenda-21\/","name":"Harrobia acudi\u00f3 al Foro Interescolar de Bilbao dentro de la Agenda 21 - Harrobia | Lanbide heziketa Bizkaian","isPartOf":{"@id":"https:\/\/harrobia.net\/#website"},"primaryImageOfPage":{"@id":"https:\/\/harrobia.net\/es\/2014\/04\/harrobia-acudio-al-foro-interescolar-de-bilbao-dentro-de-la-agenda-21\/#primaryimage"},"image":{"@id":"https:\/\/harrobia.net\/es\/2014\/04\/harrobia-acudio-al-foro-interescolar-de-bilbao-dentro-de-la-agenda-21\/#primaryimage"},"thumbnailUrl":"http:\/\/harrobia.net\/wp-content\/uploads\/2014\/04\/Captura-de-pantalla-2014-04-04-a-las-11.38.37-150x150.png","datePublished":"2014-04-07T10:27:14+00:00","description":"Txabi del Corte, profesor y tutor de Harrobia, y en representaci\u00f3n de nuestro centro, acudi\u00f3 el mi\u00e9rcoles 3 de Abril al Foro Interescolar de Bilbao,","breadcrumb":{"@id":"https:\/\/harrobia.net\/es\/2014\/04\/harrobia-acudio-al-foro-interescolar-de-bilbao-dentro-de-la-agenda-21\/#breadcrumb"},"inLanguage":"es","potentialAction":[{"@type":"ReadAction","target":["https:\/\/harrobia.net\/es\/2014\/04\/harrobia-acudio-al-foro-interescolar-de-bilbao-dentro-de-la-agenda-21\/"]}]},{"@type":"ImageObject","inLanguage":"es","@id":"https:\/\/harrobia.net\/es\/2014\/04\/harrobia-acudio-al-foro-interescolar-de-bilbao-dentro-de-la-agenda-21\/#primaryimage","url":"http:\/\/harrobia.net\/wp-content\/uploads\/2014\/04\/Captura-de-pantalla-2014-04-04-a-las-11.38.37-150x150.png","contentUrl":"http:\/\/harrobia.net\/wp-content\/uploads\/2014\/04\/Captura-de-pantalla-2014-04-04-a-las-11.38.37-150x150.png"},{"@type":"BreadcrumbList","@id":"https:\/\/harrobia.net\/es\/2014\/04\/harrobia-acudio-al-foro-interescolar-de-bilbao-dentro-de-la-agenda-21\/#breadcrumb","itemListElement":[{"@type":"ListItem","position":1,"name":"Home","item":"https:\/\/harrobia.net\/es\/"},{"@type":"ListItem","position":2,"name":"Harrobia acudi\u00f3 al Foro Interescolar de Bilbao dentro de la Agenda 21"}]},{"@type":"WebSite","@id":"https:\/\/harrobia.net\/#website","url":"https:\/\/harrobia.net\/","name":"Harrobia Ikastola","description":"Harrobia Lanbide Heziketaren Ikastola","publisher":{"@id":"https:\/\/harrobia.net\/#organization"},"potentialAction":[{"@type":"SearchAction","target":{"@type":"EntryPoint","urlTemplate":"https:\/\/harrobia.net\/?s={search_term_string}"},"query-input":{"@type":"PropertyValueSpecification","valueRequired":true,"valueName":"search_term_string"}}],"inLanguage":"es"},{"@type":"Organization","@id":"https:\/\/harrobia.net\/#organization","name":"Harrobia Ikastola","url":"https:\/\/harrobia.net\/","logo":{"@type":"ImageObject","inLanguage":"es","@id":"https:\/\/harrobia.net\/#\/schema\/logo\/image\/","url":"https:\/\/harrobia.net\/wp-content\/uploads\/2014\/07\/harrobia.png","contentUrl":"https:\/\/harrobia.net\/wp-content\/uploads\/2014\/07\/harrobia.png","width":256,"height":71,"caption":"Harrobia Ikastola"},"image":{"@id":"https:\/\/harrobia.net\/#\/schema\/logo\/image\/"},"sameAs":["https:\/\/www.facebook.com\/HarrobiaIkastola","https:\/\/x.com\/harrobiaikas","https:\/\/www.instagram.com\/harrobiaikastola","https:\/\/www.youtube.com\/user\/IbarezkerraBilbo"]},{"@type":"Person","@id":"https:\/\/harrobia.net\/#\/schema\/person\/1d744cfed951cc4f6a3fca6f0b31f524","name":"Harrobia","image":{"@type":"ImageObject","inLanguage":"es","@id":"https:\/\/secure.gravatar.com\/avatar\/1612bf25e223eceb52dad98cf1059e32644be96e26361dd982cbd02be97556f3?s=96&d=mm&r=g","url":"https:\/\/secure.gravatar.com\/avatar\/1612bf25e223eceb52dad98cf1059e32644be96e26361dd982cbd02be97556f3?s=96&d=mm&r=g","contentUrl":"https:\/\/secure.gravatar.com\/avatar\/1612bf25e223eceb52dad98cf1059e32644be96e26361dd982cbd02be97556f3?s=96&d=mm&r=g","caption":"Harrobia"}}]}},"jetpack_featured_media_url":"","jetpack_sharing_enabled":true,"_links":{"self":[{"href":"https:\/\/harrobia.net\/es\/wp-json\/wp\/v2\/posts\/4326","targetHints":{"allow":["GET"]}}],"collection":[{"href":"https:\/\/harrobia.net\/es\/wp-json\/wp\/v2\/posts"}],"about":[{"href":"https:\/\/harrobia.net\/es\/wp-json\/wp\/v2\/types\/post"}],"author":[{"embeddable":true,"href":"https:\/\/harrobia.net\/es\/wp-json\/wp\/v2\/users\/6"}],"replies":[{"embeddable":true,"href":"https:\/\/harrobia.net\/es\/wp-json\/wp\/v2\/comments?post=4326"}],"version-history":[{"count":0,"href":"https:\/\/harrobia.net\/es\/wp-json\/wp\/v2\/posts\/4326\/revisions"}],"wp:attachment":[{"href":"https:\/\/harrobia.net\/es\/wp-json\/wp\/v2\/media?parent=4326"}],"wp:term":[{"taxonomy":"category","embeddable":true,"href":"https:\/\/harrobia.net\/es\/wp-json\/wp\/v2\/categories?post=4326"},{"taxonomy":"post_tag","embeddable":true,"href":"https:\/\/harrobia.net\/es\/wp-json\/wp\/v2\/tags?post=4326"}],"curies":[{"name":"wp","href":"https:\/\/api.w.org\/{rel}","templated":true}]}}