{"id":2125,"date":"2012-11-09T12:30:03","date_gmt":"2012-11-09T11:30:03","guid":{"rendered":"http:\/\/harrobia.net\/?p=2125"},"modified":"2013-03-30T03:00:18","modified_gmt":"2013-03-30T02:00:18","slug":"si-quieres-encontrar-trabajo-no-te-pierdas-la-feria-prestik","status":"publish","type":"post","link":"https:\/\/harrobia.net\/es\/2012\/11\/si-quieres-encontrar-trabajo-no-te-pierdas-la-feria-prestik\/","title":{"rendered":"Si quieres encontrar trabajo, no te pierdas Prestik"},"content":{"rendered":"<p><a title=\"Prestik azoka por ibarezkerra, en Flickr\" href=\"http:\/\/www.flickr.com\/photos\/ibarezkerra\/sets\/72157632171123632\/\" target=\"_blank\"><img loading=\"lazy\" decoding=\"async\" class=\"alignnone\" style=\"margin-left: 20px; margin-right: 20px;\" src=\"http:\/\/farm9.staticflickr.com\/8481\/8244954094_f918e24777.jpg\" alt=\"Prestik azoka\" width=\"500\" height=\"287\" \/><\/a><\/p>\n<p>El pasado martes 6 de noviembre, los alumnos\/as de segundo curso de Harrobia participaron en la feria que se celebraba en el palacio Euskalduna, donde se expon\u00edan diversas formas de acceder al mercado laboral.<\/p>\n<p><!--more--><\/p>\n<p>Al comienzo participamos en una mesa redonda, donde los alumnos\/as emprendedores\/as de formaci\u00f3n profesional contaron su experiencia. Despu\u00e9s visitamos los stands de la feria: el stand Eures para trabajar en el extranjero, la asociaci\u00f3n de empresas de videojuegos, ingenier\u00edas, stands para fomentar el emprendizaje, DEMA, la C\u00e1mara de Comercio de Bilbao\u2026<\/p>\n<span class=\"et_bloom_bottom_trigger\"><\/span>","protected":false},"excerpt":{"rendered":"<p>El pasado martes 6 de noviembre, los alumnos\/as de segundo curso de Harrobia participaron en la feria que se celebraba en el palacio Euskalduna, donde se expon\u00edan diversas formas de acceder al mercado laboral.<\/p>\n","protected":false},"author":2,"featured_media":0,"comment_status":"closed","ping_status":"open","sticky":false,"template":"","format":"standard","meta":{"_acf_changed":false,"_et_pb_use_builder":"","_et_pb_old_content":"","_et_gb_content_width":"","_jetpack_memberships_contains_paid_content":false,"_joinchat":[],"footnotes":""},"categories":[3],"tags":[],"class_list":["post-2125","post","type-post","status-publish","format-standard","hentry","category-sin-categorizar"],"acf":[],"yoast_head":"<!-- This site is optimized with the Yoast SEO plugin v27.3 - https:\/\/yoast.com\/product\/yoast-seo-wordpress\/ -->\n<title>Si quieres encontrar trabajo, no te pierdas Prestik - Harrobia | Lanbide heziketa Bizkaian<\/title>\n<meta name=\"description\" content=\"El pasado martes 6 de noviembre, los alumnos\/as de segundo curso de Harrobia participaron en la feria que se celebraba en el palacio Euskalduna, donde se\" \/>\n<meta name=\"robots\" content=\"index, follow, max-snippet:-1, max-image-preview:large, max-video-preview:-1\" \/>\n<link rel=\"canonical\" href=\"https:\/\/harrobia.net\/es\/2012\/11\/si-quieres-encontrar-trabajo-no-te-pierdas-la-feria-prestik\/\" \/>\n<meta property=\"og:locale\" content=\"es_ES\" \/>\n<meta property=\"og:type\" content=\"article\" \/>\n<meta property=\"og:title\" content=\"Si quieres encontrar trabajo, no te pierdas Prestik - Harrobia | Lanbide heziketa Bizkaian\" \/>\n<meta property=\"og:description\" content=\"El pasado martes 6 de noviembre, los alumnos\/as de segundo curso de Harrobia participaron en la feria que se celebraba en el palacio Euskalduna, donde se\" \/>\n<meta property=\"og:url\" content=\"https:\/\/harrobia.net\/es\/2012\/11\/si-quieres-encontrar-trabajo-no-te-pierdas-la-feria-prestik\/\" \/>\n<meta property=\"og:site_name\" content=\"Harrobia Ikastola\" \/>\n<meta property=\"article:publisher\" content=\"https:\/\/www.facebook.com\/HarrobiaIkastola\" \/>\n<meta property=\"article:published_time\" content=\"2012-11-09T11:30:03+00:00\" \/>\n<meta property=\"article:modified_time\" content=\"2013-03-30T02:00:18+00:00\" \/>\n<meta property=\"og:image\" content=\"http:\/\/farm9.staticflickr.com\/8481\/8244954094_f918e24777.jpg\" \/>\n<meta name=\"twitter:card\" content=\"summary_large_image\" \/>\n<meta name=\"twitter:creator\" content=\"@harrobiaikas\" \/>\n<meta name=\"twitter:site\" content=\"@harrobiaikas\" \/>\n<meta name=\"twitter:label1\" content=\"Escrito por\" \/>\n\t<meta name=\"twitter:data1\" content=\"\" \/>\n<script type=\"application\/ld+json\" class=\"yoast-schema-graph\">{\"@context\":\"https:\\\/\\\/schema.org\",\"@graph\":[{\"@type\":\"Article\",\"@id\":\"https:\\\/\\\/harrobia.net\\\/es\\\/2012\\\/11\\\/si-quieres-encontrar-trabajo-no-te-pierdas-la-feria-prestik\\\/#article\",\"isPartOf\":{\"@id\":\"https:\\\/\\\/harrobia.net\\\/es\\\/2012\\\/11\\\/si-quieres-encontrar-trabajo-no-te-pierdas-la-feria-prestik\\\/\"},\"author\":{\"name\":\"\",\"@id\":\"\"},\"headline\":\"Si quieres encontrar trabajo, no te pierdas Prestik\",\"datePublished\":\"2012-11-09T11:30:03+00:00\",\"dateModified\":\"2013-03-30T02:00:18+00:00\",\"mainEntityOfPage\":{\"@id\":\"https:\\\/\\\/harrobia.net\\\/es\\\/2012\\\/11\\\/si-quieres-encontrar-trabajo-no-te-pierdas-la-feria-prestik\\\/\"},\"wordCount\":101,\"publisher\":{\"@id\":\"https:\\\/\\\/harrobia.net\\\/#organization\"},\"image\":{\"@id\":\"https:\\\/\\\/harrobia.net\\\/es\\\/2012\\\/11\\\/si-quieres-encontrar-trabajo-no-te-pierdas-la-feria-prestik\\\/#primaryimage\"},\"thumbnailUrl\":\"http:\\\/\\\/farm9.staticflickr.com\\\/8481\\\/8244954094_f918e24777.jpg\",\"articleSection\":[\"Sin categorizar\"],\"inLanguage\":\"es\"},{\"@type\":\"WebPage\",\"@id\":\"https:\\\/\\\/harrobia.net\\\/es\\\/2012\\\/11\\\/si-quieres-encontrar-trabajo-no-te-pierdas-la-feria-prestik\\\/\",\"url\":\"https:\\\/\\\/harrobia.net\\\/es\\\/2012\\\/11\\\/si-quieres-encontrar-trabajo-no-te-pierdas-la-feria-prestik\\\/\",\"name\":\"Si quieres encontrar trabajo, no te pierdas Prestik - Harrobia | Lanbide heziketa Bizkaian\",\"isPartOf\":{\"@id\":\"https:\\\/\\\/harrobia.net\\\/#website\"},\"primaryImageOfPage\":{\"@id\":\"https:\\\/\\\/harrobia.net\\\/es\\\/2012\\\/11\\\/si-quieres-encontrar-trabajo-no-te-pierdas-la-feria-prestik\\\/#primaryimage\"},\"image\":{\"@id\":\"https:\\\/\\\/harrobia.net\\\/es\\\/2012\\\/11\\\/si-quieres-encontrar-trabajo-no-te-pierdas-la-feria-prestik\\\/#primaryimage\"},\"thumbnailUrl\":\"http:\\\/\\\/farm9.staticflickr.com\\\/8481\\\/8244954094_f918e24777.jpg\",\"datePublished\":\"2012-11-09T11:30:03+00:00\",\"dateModified\":\"2013-03-30T02:00:18+00:00\",\"description\":\"El pasado martes 6 de noviembre, los alumnos\\\/as de segundo curso de Harrobia participaron en la feria que se celebraba en el palacio Euskalduna, donde se\",\"breadcrumb\":{\"@id\":\"https:\\\/\\\/harrobia.net\\\/es\\\/2012\\\/11\\\/si-quieres-encontrar-trabajo-no-te-pierdas-la-feria-prestik\\\/#breadcrumb\"},\"inLanguage\":\"es\",\"potentialAction\":[{\"@type\":\"ReadAction\",\"target\":[\"https:\\\/\\\/harrobia.net\\\/es\\\/2012\\\/11\\\/si-quieres-encontrar-trabajo-no-te-pierdas-la-feria-prestik\\\/\"]}]},{\"@type\":\"ImageObject\",\"inLanguage\":\"es\",\"@id\":\"https:\\\/\\\/harrobia.net\\\/es\\\/2012\\\/11\\\/si-quieres-encontrar-trabajo-no-te-pierdas-la-feria-prestik\\\/#primaryimage\",\"url\":\"http:\\\/\\\/farm9.staticflickr.com\\\/8481\\\/8244954094_f918e24777.jpg\",\"contentUrl\":\"http:\\\/\\\/farm9.staticflickr.com\\\/8481\\\/8244954094_f918e24777.jpg\"},{\"@type\":\"BreadcrumbList\",\"@id\":\"https:\\\/\\\/harrobia.net\\\/es\\\/2012\\\/11\\\/si-quieres-encontrar-trabajo-no-te-pierdas-la-feria-prestik\\\/#breadcrumb\",\"itemListElement\":[{\"@type\":\"ListItem\",\"position\":1,\"name\":\"Home\",\"item\":\"https:\\\/\\\/harrobia.net\\\/es\\\/\"},{\"@type\":\"ListItem\",\"position\":2,\"name\":\"Si quieres encontrar trabajo, no te pierdas Prestik\"}]},{\"@type\":\"WebSite\",\"@id\":\"https:\\\/\\\/harrobia.net\\\/#website\",\"url\":\"https:\\\/\\\/harrobia.net\\\/\",\"name\":\"Harrobia Ikastola\",\"description\":\"Harrobia Lanbide Heziketaren Ikastola\",\"publisher\":{\"@id\":\"https:\\\/\\\/harrobia.net\\\/#organization\"},\"potentialAction\":[{\"@type\":\"SearchAction\",\"target\":{\"@type\":\"EntryPoint\",\"urlTemplate\":\"https:\\\/\\\/harrobia.net\\\/?s={search_term_string}\"},\"query-input\":{\"@type\":\"PropertyValueSpecification\",\"valueRequired\":true,\"valueName\":\"search_term_string\"}}],\"inLanguage\":\"es\"},{\"@type\":\"Organization\",\"@id\":\"https:\\\/\\\/harrobia.net\\\/#organization\",\"name\":\"Harrobia Ikastola\",\"url\":\"https:\\\/\\\/harrobia.net\\\/\",\"logo\":{\"@type\":\"ImageObject\",\"inLanguage\":\"es\",\"@id\":\"https:\\\/\\\/harrobia.net\\\/#\\\/schema\\\/logo\\\/image\\\/\",\"url\":\"https:\\\/\\\/harrobia.net\\\/wp-content\\\/uploads\\\/2014\\\/07\\\/harrobia.png\",\"contentUrl\":\"https:\\\/\\\/harrobia.net\\\/wp-content\\\/uploads\\\/2014\\\/07\\\/harrobia.png\",\"width\":256,\"height\":71,\"caption\":\"Harrobia Ikastola\"},\"image\":{\"@id\":\"https:\\\/\\\/harrobia.net\\\/#\\\/schema\\\/logo\\\/image\\\/\"},\"sameAs\":[\"https:\\\/\\\/www.facebook.com\\\/HarrobiaIkastola\",\"https:\\\/\\\/x.com\\\/harrobiaikas\",\"https:\\\/\\\/www.instagram.com\\\/harrobiaikastola\",\"https:\\\/\\\/www.youtube.com\\\/user\\\/IbarezkerraBilbo\"]},{\"@type\":\"Person\",\"@id\":\"\"}]}<\/script>\n<!-- \/ Yoast SEO plugin. -->","yoast_head_json":{"title":"Si quieres encontrar trabajo, no te pierdas Prestik - Harrobia | Lanbide heziketa Bizkaian","description":"El pasado martes 6 de noviembre, los alumnos\/as de segundo curso de Harrobia participaron en la feria que se celebraba en el palacio Euskalduna, donde se","robots":{"index":"index","follow":"follow","max-snippet":"max-snippet:-1","max-image-preview":"max-image-preview:large","max-video-preview":"max-video-preview:-1"},"canonical":"https:\/\/harrobia.net\/es\/2012\/11\/si-quieres-encontrar-trabajo-no-te-pierdas-la-feria-prestik\/","og_locale":"es_ES","og_type":"article","og_title":"Si quieres encontrar trabajo, no te pierdas Prestik - Harrobia | Lanbide heziketa Bizkaian","og_description":"El pasado martes 6 de noviembre, los alumnos\/as de segundo curso de Harrobia participaron en la feria que se celebraba en el palacio Euskalduna, donde se","og_url":"https:\/\/harrobia.net\/es\/2012\/11\/si-quieres-encontrar-trabajo-no-te-pierdas-la-feria-prestik\/","og_site_name":"Harrobia Ikastola","article_publisher":"https:\/\/www.facebook.com\/HarrobiaIkastola","article_published_time":"2012-11-09T11:30:03+00:00","article_modified_time":"2013-03-30T02:00:18+00:00","og_image":[{"url":"http:\/\/farm9.staticflickr.com\/8481\/8244954094_f918e24777.jpg","type":"","width":"","height":""}],"twitter_card":"summary_large_image","twitter_creator":"@harrobiaikas","twitter_site":"@harrobiaikas","twitter_misc":{"Escrito por":""},"schema":{"@context":"https:\/\/schema.org","@graph":[{"@type":"Article","@id":"https:\/\/harrobia.net\/es\/2012\/11\/si-quieres-encontrar-trabajo-no-te-pierdas-la-feria-prestik\/#article","isPartOf":{"@id":"https:\/\/harrobia.net\/es\/2012\/11\/si-quieres-encontrar-trabajo-no-te-pierdas-la-feria-prestik\/"},"author":{"name":"","@id":""},"headline":"Si quieres encontrar trabajo, no te pierdas Prestik","datePublished":"2012-11-09T11:30:03+00:00","dateModified":"2013-03-30T02:00:18+00:00","mainEntityOfPage":{"@id":"https:\/\/harrobia.net\/es\/2012\/11\/si-quieres-encontrar-trabajo-no-te-pierdas-la-feria-prestik\/"},"wordCount":101,"publisher":{"@id":"https:\/\/harrobia.net\/#organization"},"image":{"@id":"https:\/\/harrobia.net\/es\/2012\/11\/si-quieres-encontrar-trabajo-no-te-pierdas-la-feria-prestik\/#primaryimage"},"thumbnailUrl":"http:\/\/farm9.staticflickr.com\/8481\/8244954094_f918e24777.jpg","articleSection":["Sin categorizar"],"inLanguage":"es"},{"@type":"WebPage","@id":"https:\/\/harrobia.net\/es\/2012\/11\/si-quieres-encontrar-trabajo-no-te-pierdas-la-feria-prestik\/","url":"https:\/\/harrobia.net\/es\/2012\/11\/si-quieres-encontrar-trabajo-no-te-pierdas-la-feria-prestik\/","name":"Si quieres encontrar trabajo, no te pierdas Prestik - Harrobia | Lanbide heziketa Bizkaian","isPartOf":{"@id":"https:\/\/harrobia.net\/#website"},"primaryImageOfPage":{"@id":"https:\/\/harrobia.net\/es\/2012\/11\/si-quieres-encontrar-trabajo-no-te-pierdas-la-feria-prestik\/#primaryimage"},"image":{"@id":"https:\/\/harrobia.net\/es\/2012\/11\/si-quieres-encontrar-trabajo-no-te-pierdas-la-feria-prestik\/#primaryimage"},"thumbnailUrl":"http:\/\/farm9.staticflickr.com\/8481\/8244954094_f918e24777.jpg","datePublished":"2012-11-09T11:30:03+00:00","dateModified":"2013-03-30T02:00:18+00:00","description":"El pasado martes 6 de noviembre, los alumnos\/as de segundo curso de Harrobia participaron en la feria que se celebraba en el palacio Euskalduna, donde se","breadcrumb":{"@id":"https:\/\/harrobia.net\/es\/2012\/11\/si-quieres-encontrar-trabajo-no-te-pierdas-la-feria-prestik\/#breadcrumb"},"inLanguage":"es","potentialAction":[{"@type":"ReadAction","target":["https:\/\/harrobia.net\/es\/2012\/11\/si-quieres-encontrar-trabajo-no-te-pierdas-la-feria-prestik\/"]}]},{"@type":"ImageObject","inLanguage":"es","@id":"https:\/\/harrobia.net\/es\/2012\/11\/si-quieres-encontrar-trabajo-no-te-pierdas-la-feria-prestik\/#primaryimage","url":"http:\/\/farm9.staticflickr.com\/8481\/8244954094_f918e24777.jpg","contentUrl":"http:\/\/farm9.staticflickr.com\/8481\/8244954094_f918e24777.jpg"},{"@type":"BreadcrumbList","@id":"https:\/\/harrobia.net\/es\/2012\/11\/si-quieres-encontrar-trabajo-no-te-pierdas-la-feria-prestik\/#breadcrumb","itemListElement":[{"@type":"ListItem","position":1,"name":"Home","item":"https:\/\/harrobia.net\/es\/"},{"@type":"ListItem","position":2,"name":"Si quieres encontrar trabajo, no te pierdas Prestik"}]},{"@type":"WebSite","@id":"https:\/\/harrobia.net\/#website","url":"https:\/\/harrobia.net\/","name":"Harrobia Ikastola","description":"Harrobia Lanbide Heziketaren Ikastola","publisher":{"@id":"https:\/\/harrobia.net\/#organization"},"potentialAction":[{"@type":"SearchAction","target":{"@type":"EntryPoint","urlTemplate":"https:\/\/harrobia.net\/?s={search_term_string}"},"query-input":{"@type":"PropertyValueSpecification","valueRequired":true,"valueName":"search_term_string"}}],"inLanguage":"es"},{"@type":"Organization","@id":"https:\/\/harrobia.net\/#organization","name":"Harrobia Ikastola","url":"https:\/\/harrobia.net\/","logo":{"@type":"ImageObject","inLanguage":"es","@id":"https:\/\/harrobia.net\/#\/schema\/logo\/image\/","url":"https:\/\/harrobia.net\/wp-content\/uploads\/2014\/07\/harrobia.png","contentUrl":"https:\/\/harrobia.net\/wp-content\/uploads\/2014\/07\/harrobia.png","width":256,"height":71,"caption":"Harrobia Ikastola"},"image":{"@id":"https:\/\/harrobia.net\/#\/schema\/logo\/image\/"},"sameAs":["https:\/\/www.facebook.com\/HarrobiaIkastola","https:\/\/x.com\/harrobiaikas","https:\/\/www.instagram.com\/harrobiaikastola","https:\/\/www.youtube.com\/user\/IbarezkerraBilbo"]},{"@type":"Person","@id":""}]}},"jetpack_featured_media_url":"","jetpack_sharing_enabled":true,"_links":{"self":[{"href":"https:\/\/harrobia.net\/es\/wp-json\/wp\/v2\/posts\/2125","targetHints":{"allow":["GET"]}}],"collection":[{"href":"https:\/\/harrobia.net\/es\/wp-json\/wp\/v2\/posts"}],"about":[{"href":"https:\/\/harrobia.net\/es\/wp-json\/wp\/v2\/types\/post"}],"author":[{"embeddable":true,"href":"https:\/\/harrobia.net\/es\/wp-json\/wp\/v2\/users\/2"}],"replies":[{"embeddable":true,"href":"https:\/\/harrobia.net\/es\/wp-json\/wp\/v2\/comments?post=2125"}],"version-history":[{"count":0,"href":"https:\/\/harrobia.net\/es\/wp-json\/wp\/v2\/posts\/2125\/revisions"}],"wp:attachment":[{"href":"https:\/\/harrobia.net\/es\/wp-json\/wp\/v2\/media?parent=2125"}],"wp:term":[{"taxonomy":"category","embeddable":true,"href":"https:\/\/harrobia.net\/es\/wp-json\/wp\/v2\/categories?post=2125"},{"taxonomy":"post_tag","embeddable":true,"href":"https:\/\/harrobia.net\/es\/wp-json\/wp\/v2\/tags?post=2125"}],"curies":[{"name":"wp","href":"https:\/\/api.w.org\/{rel}","templated":true}]}}