{"id":11548,"date":"2018-02-07T11:30:52","date_gmt":"2018-02-07T10:30:52","guid":{"rendered":"http:\/\/harrobia.net?p=11548"},"modified":"2018-02-05T11:02:02","modified_gmt":"2018-02-05T10:02:02","slug":"el-alumnado-de-harrobia-ha-visto-el-documental-volar-de-emakunde","status":"publish","type":"post","link":"https:\/\/harrobia.net\/es\/2018\/02\/el-alumnado-de-harrobia-ha-visto-el-documental-volar-de-emakunde\/","title":{"rendered":"El alumnado de Harrobia ha visto el documental \u2018Volar\u2019 de Emakunde"},"content":{"rendered":"<p>El d\u00eda 2 de febrero (viernes), el alumnado de segundo curso del ciclo de Deporte vi\u00f3 el documental <a href=\"http:\/\/www.emakunde.euskadi.eus\/sensibilizacion\/-\/informacion\/pelicula-volar\/\" target=\"_blank\" rel=\"noopener\">\u2018Volar\u2019<\/a> producido por Emakunde en una sesi\u00f3n del m\u00f3dulo formativo FOL. En la misma aparecen los testimonios e historias de 9 mujeres que han sufrido violencia de g\u00e9nero. Las vidas y profesiones de estas mujeres son totalmente diferentes. El objetivo de esta iniciativa es destripar lo que hay detr\u00e1s de esos comportamientos violentos y tambi\u00e9n concienciar a nuestro alumnado del sufrimiento que causan estos sucesos.<\/p>\n<span class=\"et_bloom_bottom_trigger\"><\/span>","protected":false},"excerpt":{"rendered":"<p>El d\u00eda 2 de febrero (viernes), el alumnado de segundo curso del ciclo de Deporte vi\u00f3 el documental \u2018Volar\u2019 producido por Emakunde en una sesi\u00f3n del m\u00f3dulo formativo FOL. En la misma aparecen los testimonios e historias de 9 mujeres que han sufrido violencia de g\u00e9nero. Las vidas y profesiones de estas mujeres son totalmente [&hellip;]<\/p>\n","protected":false},"author":6,"featured_media":11546,"comment_status":"closed","ping_status":"open","sticky":false,"template":"","format":"image","meta":{"_acf_changed":false,"_et_pb_use_builder":"","_et_pb_old_content":"","_et_gb_content_width":"","_jetpack_memberships_contains_paid_content":false,"_joinchat":[],"footnotes":""},"categories":[3],"tags":[],"class_list":["post-11548","post","type-post","status-publish","format-image","has-post-thumbnail","hentry","category-sin-categorizar","post_format-post-format-image"],"acf":[],"yoast_head":"<!-- This site is optimized with the Yoast SEO plugin v27.3 - https:\/\/yoast.com\/product\/yoast-seo-wordpress\/ -->\n<title>El alumnado de Harrobia ha visto el documental \u2018Volar\u2019 de Emakunde - Harrobia | Lanbide heziketa Bizkaian<\/title>\n<meta name=\"description\" content=\"El d\u00eda 2 de febrero (viernes), el alumnado de segundo curso del ciclo de Deporte vi\u00f3 el documental \u2018Volar\u2019 producido por Emakunde en una sesi\u00f3n del m\u00f3dulo\" \/>\n<meta name=\"robots\" content=\"index, follow, max-snippet:-1, max-image-preview:large, max-video-preview:-1\" \/>\n<link rel=\"canonical\" href=\"https:\/\/harrobia.net\/es\/2018\/02\/el-alumnado-de-harrobia-ha-visto-el-documental-volar-de-emakunde\/\" \/>\n<meta property=\"og:locale\" content=\"es_ES\" \/>\n<meta property=\"og:type\" content=\"article\" \/>\n<meta property=\"og:title\" content=\"El alumnado de Harrobia ha visto el documental \u2018Volar\u2019 de Emakunde - Harrobia | Lanbide heziketa Bizkaian\" \/>\n<meta property=\"og:description\" content=\"El d\u00eda 2 de febrero (viernes), el alumnado de segundo curso del ciclo de Deporte vi\u00f3 el documental \u2018Volar\u2019 producido por Emakunde en una sesi\u00f3n del m\u00f3dulo\" \/>\n<meta property=\"og:url\" content=\"https:\/\/harrobia.net\/es\/2018\/02\/el-alumnado-de-harrobia-ha-visto-el-documental-volar-de-emakunde\/\" \/>\n<meta property=\"og:site_name\" content=\"Harrobia Ikastola\" \/>\n<meta property=\"article:publisher\" content=\"https:\/\/www.facebook.com\/HarrobiaIkastola\" \/>\n<meta property=\"article:published_time\" content=\"2018-02-07T10:30:52+00:00\" \/>\n<meta property=\"og:image\" content=\"https:\/\/harrobia.net\/wp-content\/uploads\/2018\/02\/20180207_KES2_Volar.jpg\" \/>\n\t<meta property=\"og:image:width\" content=\"650\" \/>\n\t<meta property=\"og:image:height\" content=\"917\" \/>\n\t<meta property=\"og:image:type\" content=\"image\/jpeg\" \/>\n<meta name=\"author\" content=\"Harrobia\" \/>\n<meta name=\"twitter:card\" content=\"summary_large_image\" \/>\n<meta name=\"twitter:creator\" content=\"@harrobiaikas\" \/>\n<meta name=\"twitter:site\" content=\"@harrobiaikas\" \/>\n<meta name=\"twitter:label1\" content=\"Escrito por\" \/>\n\t<meta name=\"twitter:data1\" content=\"Harrobia\" \/>\n<script type=\"application\/ld+json\" class=\"yoast-schema-graph\">{\"@context\":\"https:\\\/\\\/schema.org\",\"@graph\":[{\"@type\":\"Article\",\"@id\":\"https:\\\/\\\/harrobia.net\\\/es\\\/2018\\\/02\\\/el-alumnado-de-harrobia-ha-visto-el-documental-volar-de-emakunde\\\/#article\",\"isPartOf\":{\"@id\":\"https:\\\/\\\/harrobia.net\\\/es\\\/2018\\\/02\\\/el-alumnado-de-harrobia-ha-visto-el-documental-volar-de-emakunde\\\/\"},\"author\":{\"name\":\"Harrobia\",\"@id\":\"https:\\\/\\\/harrobia.net\\\/#\\\/schema\\\/person\\\/1d744cfed951cc4f6a3fca6f0b31f524\"},\"headline\":\"El alumnado de Harrobia ha visto el documental \u2018Volar\u2019 de Emakunde\",\"datePublished\":\"2018-02-07T10:30:52+00:00\",\"mainEntityOfPage\":{\"@id\":\"https:\\\/\\\/harrobia.net\\\/es\\\/2018\\\/02\\\/el-alumnado-de-harrobia-ha-visto-el-documental-volar-de-emakunde\\\/\"},\"wordCount\":98,\"publisher\":{\"@id\":\"https:\\\/\\\/harrobia.net\\\/#organization\"},\"image\":{\"@id\":\"https:\\\/\\\/harrobia.net\\\/es\\\/2018\\\/02\\\/el-alumnado-de-harrobia-ha-visto-el-documental-volar-de-emakunde\\\/#primaryimage\"},\"thumbnailUrl\":\"https:\\\/\\\/harrobia.net\\\/wp-content\\\/uploads\\\/2018\\\/02\\\/20180207_KES2_Volar.jpg\",\"articleSection\":[\"Sin categorizar\"],\"inLanguage\":\"es\"},{\"@type\":\"WebPage\",\"@id\":\"https:\\\/\\\/harrobia.net\\\/es\\\/2018\\\/02\\\/el-alumnado-de-harrobia-ha-visto-el-documental-volar-de-emakunde\\\/\",\"url\":\"https:\\\/\\\/harrobia.net\\\/es\\\/2018\\\/02\\\/el-alumnado-de-harrobia-ha-visto-el-documental-volar-de-emakunde\\\/\",\"name\":\"El alumnado de Harrobia ha visto el documental \u2018Volar\u2019 de Emakunde - Harrobia | Lanbide heziketa Bizkaian\",\"isPartOf\":{\"@id\":\"https:\\\/\\\/harrobia.net\\\/#website\"},\"primaryImageOfPage\":{\"@id\":\"https:\\\/\\\/harrobia.net\\\/es\\\/2018\\\/02\\\/el-alumnado-de-harrobia-ha-visto-el-documental-volar-de-emakunde\\\/#primaryimage\"},\"image\":{\"@id\":\"https:\\\/\\\/harrobia.net\\\/es\\\/2018\\\/02\\\/el-alumnado-de-harrobia-ha-visto-el-documental-volar-de-emakunde\\\/#primaryimage\"},\"thumbnailUrl\":\"https:\\\/\\\/harrobia.net\\\/wp-content\\\/uploads\\\/2018\\\/02\\\/20180207_KES2_Volar.jpg\",\"datePublished\":\"2018-02-07T10:30:52+00:00\",\"description\":\"El d\u00eda 2 de febrero (viernes), el alumnado de segundo curso del ciclo de Deporte vi\u00f3 el documental \u2018Volar\u2019 producido por Emakunde en una sesi\u00f3n del m\u00f3dulo\",\"breadcrumb\":{\"@id\":\"https:\\\/\\\/harrobia.net\\\/es\\\/2018\\\/02\\\/el-alumnado-de-harrobia-ha-visto-el-documental-volar-de-emakunde\\\/#breadcrumb\"},\"inLanguage\":\"es\",\"potentialAction\":[{\"@type\":\"ReadAction\",\"target\":[\"https:\\\/\\\/harrobia.net\\\/es\\\/2018\\\/02\\\/el-alumnado-de-harrobia-ha-visto-el-documental-volar-de-emakunde\\\/\"]}]},{\"@type\":\"ImageObject\",\"inLanguage\":\"es\",\"@id\":\"https:\\\/\\\/harrobia.net\\\/es\\\/2018\\\/02\\\/el-alumnado-de-harrobia-ha-visto-el-documental-volar-de-emakunde\\\/#primaryimage\",\"url\":\"https:\\\/\\\/harrobia.net\\\/wp-content\\\/uploads\\\/2018\\\/02\\\/20180207_KES2_Volar.jpg\",\"contentUrl\":\"https:\\\/\\\/harrobia.net\\\/wp-content\\\/uploads\\\/2018\\\/02\\\/20180207_KES2_Volar.jpg\",\"width\":650,\"height\":917},{\"@type\":\"BreadcrumbList\",\"@id\":\"https:\\\/\\\/harrobia.net\\\/es\\\/2018\\\/02\\\/el-alumnado-de-harrobia-ha-visto-el-documental-volar-de-emakunde\\\/#breadcrumb\",\"itemListElement\":[{\"@type\":\"ListItem\",\"position\":1,\"name\":\"Home\",\"item\":\"https:\\\/\\\/harrobia.net\\\/es\\\/\"},{\"@type\":\"ListItem\",\"position\":2,\"name\":\"El alumnado de Harrobia ha visto el documental \u2018Volar\u2019 de Emakunde\"}]},{\"@type\":\"WebSite\",\"@id\":\"https:\\\/\\\/harrobia.net\\\/#website\",\"url\":\"https:\\\/\\\/harrobia.net\\\/\",\"name\":\"Harrobia Ikastola\",\"description\":\"Harrobia Lanbide Heziketaren Ikastola\",\"publisher\":{\"@id\":\"https:\\\/\\\/harrobia.net\\\/#organization\"},\"potentialAction\":[{\"@type\":\"SearchAction\",\"target\":{\"@type\":\"EntryPoint\",\"urlTemplate\":\"https:\\\/\\\/harrobia.net\\\/?s={search_term_string}\"},\"query-input\":{\"@type\":\"PropertyValueSpecification\",\"valueRequired\":true,\"valueName\":\"search_term_string\"}}],\"inLanguage\":\"es\"},{\"@type\":\"Organization\",\"@id\":\"https:\\\/\\\/harrobia.net\\\/#organization\",\"name\":\"Harrobia Ikastola\",\"url\":\"https:\\\/\\\/harrobia.net\\\/\",\"logo\":{\"@type\":\"ImageObject\",\"inLanguage\":\"es\",\"@id\":\"https:\\\/\\\/harrobia.net\\\/#\\\/schema\\\/logo\\\/image\\\/\",\"url\":\"https:\\\/\\\/harrobia.net\\\/wp-content\\\/uploads\\\/2014\\\/07\\\/harrobia.png\",\"contentUrl\":\"https:\\\/\\\/harrobia.net\\\/wp-content\\\/uploads\\\/2014\\\/07\\\/harrobia.png\",\"width\":256,\"height\":71,\"caption\":\"Harrobia Ikastola\"},\"image\":{\"@id\":\"https:\\\/\\\/harrobia.net\\\/#\\\/schema\\\/logo\\\/image\\\/\"},\"sameAs\":[\"https:\\\/\\\/www.facebook.com\\\/HarrobiaIkastola\",\"https:\\\/\\\/x.com\\\/harrobiaikas\",\"https:\\\/\\\/www.instagram.com\\\/harrobiaikastola\",\"https:\\\/\\\/www.youtube.com\\\/user\\\/IbarezkerraBilbo\"]},{\"@type\":\"Person\",\"@id\":\"https:\\\/\\\/harrobia.net\\\/#\\\/schema\\\/person\\\/1d744cfed951cc4f6a3fca6f0b31f524\",\"name\":\"Harrobia\",\"image\":{\"@type\":\"ImageObject\",\"inLanguage\":\"es\",\"@id\":\"https:\\\/\\\/secure.gravatar.com\\\/avatar\\\/1612bf25e223eceb52dad98cf1059e32644be96e26361dd982cbd02be97556f3?s=96&d=mm&r=g\",\"url\":\"https:\\\/\\\/secure.gravatar.com\\\/avatar\\\/1612bf25e223eceb52dad98cf1059e32644be96e26361dd982cbd02be97556f3?s=96&d=mm&r=g\",\"contentUrl\":\"https:\\\/\\\/secure.gravatar.com\\\/avatar\\\/1612bf25e223eceb52dad98cf1059e32644be96e26361dd982cbd02be97556f3?s=96&d=mm&r=g\",\"caption\":\"Harrobia\"}}]}<\/script>\n<!-- \/ Yoast SEO plugin. -->","yoast_head_json":{"title":"El alumnado de Harrobia ha visto el documental \u2018Volar\u2019 de Emakunde - Harrobia | Lanbide heziketa Bizkaian","description":"El d\u00eda 2 de febrero (viernes), el alumnado de segundo curso del ciclo de Deporte vi\u00f3 el documental \u2018Volar\u2019 producido por Emakunde en una sesi\u00f3n del m\u00f3dulo","robots":{"index":"index","follow":"follow","max-snippet":"max-snippet:-1","max-image-preview":"max-image-preview:large","max-video-preview":"max-video-preview:-1"},"canonical":"https:\/\/harrobia.net\/es\/2018\/02\/el-alumnado-de-harrobia-ha-visto-el-documental-volar-de-emakunde\/","og_locale":"es_ES","og_type":"article","og_title":"El alumnado de Harrobia ha visto el documental \u2018Volar\u2019 de Emakunde - Harrobia | Lanbide heziketa Bizkaian","og_description":"El d\u00eda 2 de febrero (viernes), el alumnado de segundo curso del ciclo de Deporte vi\u00f3 el documental \u2018Volar\u2019 producido por Emakunde en una sesi\u00f3n del m\u00f3dulo","og_url":"https:\/\/harrobia.net\/es\/2018\/02\/el-alumnado-de-harrobia-ha-visto-el-documental-volar-de-emakunde\/","og_site_name":"Harrobia Ikastola","article_publisher":"https:\/\/www.facebook.com\/HarrobiaIkastola","article_published_time":"2018-02-07T10:30:52+00:00","og_image":[{"width":650,"height":917,"url":"https:\/\/harrobia.net\/wp-content\/uploads\/2018\/02\/20180207_KES2_Volar.jpg","type":"image\/jpeg"}],"author":"Harrobia","twitter_card":"summary_large_image","twitter_creator":"@harrobiaikas","twitter_site":"@harrobiaikas","twitter_misc":{"Escrito por":"Harrobia"},"schema":{"@context":"https:\/\/schema.org","@graph":[{"@type":"Article","@id":"https:\/\/harrobia.net\/es\/2018\/02\/el-alumnado-de-harrobia-ha-visto-el-documental-volar-de-emakunde\/#article","isPartOf":{"@id":"https:\/\/harrobia.net\/es\/2018\/02\/el-alumnado-de-harrobia-ha-visto-el-documental-volar-de-emakunde\/"},"author":{"name":"Harrobia","@id":"https:\/\/harrobia.net\/#\/schema\/person\/1d744cfed951cc4f6a3fca6f0b31f524"},"headline":"El alumnado de Harrobia ha visto el documental \u2018Volar\u2019 de Emakunde","datePublished":"2018-02-07T10:30:52+00:00","mainEntityOfPage":{"@id":"https:\/\/harrobia.net\/es\/2018\/02\/el-alumnado-de-harrobia-ha-visto-el-documental-volar-de-emakunde\/"},"wordCount":98,"publisher":{"@id":"https:\/\/harrobia.net\/#organization"},"image":{"@id":"https:\/\/harrobia.net\/es\/2018\/02\/el-alumnado-de-harrobia-ha-visto-el-documental-volar-de-emakunde\/#primaryimage"},"thumbnailUrl":"https:\/\/harrobia.net\/wp-content\/uploads\/2018\/02\/20180207_KES2_Volar.jpg","articleSection":["Sin categorizar"],"inLanguage":"es"},{"@type":"WebPage","@id":"https:\/\/harrobia.net\/es\/2018\/02\/el-alumnado-de-harrobia-ha-visto-el-documental-volar-de-emakunde\/","url":"https:\/\/harrobia.net\/es\/2018\/02\/el-alumnado-de-harrobia-ha-visto-el-documental-volar-de-emakunde\/","name":"El alumnado de Harrobia ha visto el documental \u2018Volar\u2019 de Emakunde - Harrobia | Lanbide heziketa Bizkaian","isPartOf":{"@id":"https:\/\/harrobia.net\/#website"},"primaryImageOfPage":{"@id":"https:\/\/harrobia.net\/es\/2018\/02\/el-alumnado-de-harrobia-ha-visto-el-documental-volar-de-emakunde\/#primaryimage"},"image":{"@id":"https:\/\/harrobia.net\/es\/2018\/02\/el-alumnado-de-harrobia-ha-visto-el-documental-volar-de-emakunde\/#primaryimage"},"thumbnailUrl":"https:\/\/harrobia.net\/wp-content\/uploads\/2018\/02\/20180207_KES2_Volar.jpg","datePublished":"2018-02-07T10:30:52+00:00","description":"El d\u00eda 2 de febrero (viernes), el alumnado de segundo curso del ciclo de Deporte vi\u00f3 el documental \u2018Volar\u2019 producido por Emakunde en una sesi\u00f3n del m\u00f3dulo","breadcrumb":{"@id":"https:\/\/harrobia.net\/es\/2018\/02\/el-alumnado-de-harrobia-ha-visto-el-documental-volar-de-emakunde\/#breadcrumb"},"inLanguage":"es","potentialAction":[{"@type":"ReadAction","target":["https:\/\/harrobia.net\/es\/2018\/02\/el-alumnado-de-harrobia-ha-visto-el-documental-volar-de-emakunde\/"]}]},{"@type":"ImageObject","inLanguage":"es","@id":"https:\/\/harrobia.net\/es\/2018\/02\/el-alumnado-de-harrobia-ha-visto-el-documental-volar-de-emakunde\/#primaryimage","url":"https:\/\/harrobia.net\/wp-content\/uploads\/2018\/02\/20180207_KES2_Volar.jpg","contentUrl":"https:\/\/harrobia.net\/wp-content\/uploads\/2018\/02\/20180207_KES2_Volar.jpg","width":650,"height":917},{"@type":"BreadcrumbList","@id":"https:\/\/harrobia.net\/es\/2018\/02\/el-alumnado-de-harrobia-ha-visto-el-documental-volar-de-emakunde\/#breadcrumb","itemListElement":[{"@type":"ListItem","position":1,"name":"Home","item":"https:\/\/harrobia.net\/es\/"},{"@type":"ListItem","position":2,"name":"El alumnado de Harrobia ha visto el documental \u2018Volar\u2019 de Emakunde"}]},{"@type":"WebSite","@id":"https:\/\/harrobia.net\/#website","url":"https:\/\/harrobia.net\/","name":"Harrobia Ikastola","description":"Harrobia Lanbide Heziketaren Ikastola","publisher":{"@id":"https:\/\/harrobia.net\/#organization"},"potentialAction":[{"@type":"SearchAction","target":{"@type":"EntryPoint","urlTemplate":"https:\/\/harrobia.net\/?s={search_term_string}"},"query-input":{"@type":"PropertyValueSpecification","valueRequired":true,"valueName":"search_term_string"}}],"inLanguage":"es"},{"@type":"Organization","@id":"https:\/\/harrobia.net\/#organization","name":"Harrobia Ikastola","url":"https:\/\/harrobia.net\/","logo":{"@type":"ImageObject","inLanguage":"es","@id":"https:\/\/harrobia.net\/#\/schema\/logo\/image\/","url":"https:\/\/harrobia.net\/wp-content\/uploads\/2014\/07\/harrobia.png","contentUrl":"https:\/\/harrobia.net\/wp-content\/uploads\/2014\/07\/harrobia.png","width":256,"height":71,"caption":"Harrobia Ikastola"},"image":{"@id":"https:\/\/harrobia.net\/#\/schema\/logo\/image\/"},"sameAs":["https:\/\/www.facebook.com\/HarrobiaIkastola","https:\/\/x.com\/harrobiaikas","https:\/\/www.instagram.com\/harrobiaikastola","https:\/\/www.youtube.com\/user\/IbarezkerraBilbo"]},{"@type":"Person","@id":"https:\/\/harrobia.net\/#\/schema\/person\/1d744cfed951cc4f6a3fca6f0b31f524","name":"Harrobia","image":{"@type":"ImageObject","inLanguage":"es","@id":"https:\/\/secure.gravatar.com\/avatar\/1612bf25e223eceb52dad98cf1059e32644be96e26361dd982cbd02be97556f3?s=96&d=mm&r=g","url":"https:\/\/secure.gravatar.com\/avatar\/1612bf25e223eceb52dad98cf1059e32644be96e26361dd982cbd02be97556f3?s=96&d=mm&r=g","contentUrl":"https:\/\/secure.gravatar.com\/avatar\/1612bf25e223eceb52dad98cf1059e32644be96e26361dd982cbd02be97556f3?s=96&d=mm&r=g","caption":"Harrobia"}}]}},"jetpack_featured_media_url":"https:\/\/harrobia.net\/wp-content\/uploads\/2018\/02\/20180207_KES2_Volar.jpg","jetpack_sharing_enabled":true,"_links":{"self":[{"href":"https:\/\/harrobia.net\/es\/wp-json\/wp\/v2\/posts\/11548","targetHints":{"allow":["GET"]}}],"collection":[{"href":"https:\/\/harrobia.net\/es\/wp-json\/wp\/v2\/posts"}],"about":[{"href":"https:\/\/harrobia.net\/es\/wp-json\/wp\/v2\/types\/post"}],"author":[{"embeddable":true,"href":"https:\/\/harrobia.net\/es\/wp-json\/wp\/v2\/users\/6"}],"replies":[{"embeddable":true,"href":"https:\/\/harrobia.net\/es\/wp-json\/wp\/v2\/comments?post=11548"}],"version-history":[{"count":1,"href":"https:\/\/harrobia.net\/es\/wp-json\/wp\/v2\/posts\/11548\/revisions"}],"predecessor-version":[{"id":11549,"href":"https:\/\/harrobia.net\/es\/wp-json\/wp\/v2\/posts\/11548\/revisions\/11549"}],"wp:featuredmedia":[{"embeddable":true,"href":"https:\/\/harrobia.net\/es\/wp-json\/wp\/v2\/media\/11546"}],"wp:attachment":[{"href":"https:\/\/harrobia.net\/es\/wp-json\/wp\/v2\/media?parent=11548"}],"wp:term":[{"taxonomy":"category","embeddable":true,"href":"https:\/\/harrobia.net\/es\/wp-json\/wp\/v2\/categories?post=11548"},{"taxonomy":"post_tag","embeddable":true,"href":"https:\/\/harrobia.net\/es\/wp-json\/wp\/v2\/tags?post=11548"}],"curies":[{"name":"wp","href":"https:\/\/api.w.org\/{rel}","templated":true}]}}