{"id":10776,"date":"2018-09-21T08:30:53","date_gmt":"2018-09-21T06:30:53","guid":{"rendered":"http:\/\/harrobia.net\/?p=10776"},"modified":"2018-09-21T06:01:15","modified_gmt":"2018-09-21T04:01:15","slug":"reunion-de-madres-y-padres-en-harrobia-ikastola","status":"publish","type":"post","link":"https:\/\/harrobia.net\/es\/2018\/09\/reunion-de-madres-y-padres-en-harrobia-ikastola\/","title":{"rendered":"Reuni\u00f3n de madres y padres en Harrobia ikastola"},"content":{"rendered":"<p>Ayer, 20 de septiembre, a las seis de la tarde, nos reunimos en HARROBIA con los padres y las madres del alumnado matriculado en los ciclos formativos. El director les dio la bienvenida en el sal\u00f3n de actos y realiz\u00f3 la presentaci\u00f3n de la ikastola. Despu\u00e9s continuaron con la reuni\u00f3n de grupo en el aula, para conocer por la persona tutora informaci\u00f3n m\u00e1s concreta sobre los estudios que est\u00e1n llevando a cabo sus hijas e hijos. Tambi\u00e9n hubo preguntas sobre la situaci\u00f3n del grupo y aunque pueda haber alguna que otra dificultad con los contenidos, sabemos que el alumnado viene contento a clase lo que se nota en el ambiente de la ikastola.<\/p>\n<span class=\"et_bloom_bottom_trigger\"><\/span>","protected":false},"excerpt":{"rendered":"<p>Ayer, 20 de septiembre, a las seis de la tarde, nos reunimos en HARROBIA con los padres y las madres del alumnado matriculado en los ciclos formativos. El director les dio la bienvenida en el sal\u00f3n de actos y realiz\u00f3 la presentaci\u00f3n de la ikastola. Despu\u00e9s continuaron con la reuni\u00f3n de grupo en el aula, [&hellip;]<\/p>\n","protected":false},"author":6,"featured_media":13024,"comment_status":"closed","ping_status":"open","sticky":false,"template":"","format":"image","meta":{"_acf_changed":false,"_et_pb_use_builder":"","_et_pb_old_content":"","_et_gb_content_width":"","_jetpack_memberships_contains_paid_content":false,"_joinchat":[],"footnotes":""},"categories":[3],"tags":[],"class_list":["post-10776","post","type-post","status-publish","format-image","has-post-thumbnail","hentry","category-sin-categorizar","post_format-post-format-image"],"acf":[],"yoast_head":"<!-- This site is optimized with the Yoast SEO plugin v27.3 - https:\/\/yoast.com\/product\/yoast-seo-wordpress\/ -->\n<title>Reuni\u00f3n de madres y padres en Harrobia ikastola - Harrobia | Lanbide heziketa Bizkaian<\/title>\n<meta name=\"description\" content=\"Ayer, 20 de septiembre, a las seis de la tarde, nos reunimos en HARROBIA con los padres y las madres del alumnado matriculado en los ciclos formativos. El\" \/>\n<meta name=\"robots\" content=\"index, follow, max-snippet:-1, max-image-preview:large, max-video-preview:-1\" \/>\n<link rel=\"canonical\" href=\"https:\/\/harrobia.net\/es\/2018\/09\/reunion-de-madres-y-padres-en-harrobia-ikastola\/\" \/>\n<meta property=\"og:locale\" content=\"es_ES\" \/>\n<meta property=\"og:type\" content=\"article\" \/>\n<meta property=\"og:title\" content=\"Reuni\u00f3n de madres y padres en Harrobia ikastola - Harrobia | Lanbide heziketa Bizkaian\" \/>\n<meta property=\"og:description\" content=\"Ayer, 20 de septiembre, a las seis de la tarde, nos reunimos en HARROBIA con los padres y las madres del alumnado matriculado en los ciclos formativos. El\" \/>\n<meta property=\"og:url\" content=\"https:\/\/harrobia.net\/es\/2018\/09\/reunion-de-madres-y-padres-en-harrobia-ikastola\/\" \/>\n<meta property=\"og:site_name\" content=\"Harrobia Ikastola\" \/>\n<meta property=\"article:publisher\" content=\"https:\/\/www.facebook.com\/HarrobiaIkastola\" \/>\n<meta property=\"article:published_time\" content=\"2018-09-21T06:30:53+00:00\" \/>\n<meta property=\"og:image\" content=\"https:\/\/harrobia.net\/wp-content\/uploads\/2017\/09\/20180921_GurasoBilera.jpg\" \/>\n\t<meta property=\"og:image:width\" content=\"1024\" \/>\n\t<meta property=\"og:image:height\" content=\"575\" \/>\n\t<meta property=\"og:image:type\" content=\"image\/jpeg\" \/>\n<meta name=\"author\" content=\"Harrobia\" \/>\n<meta name=\"twitter:card\" content=\"summary_large_image\" \/>\n<meta name=\"twitter:creator\" content=\"@harrobiaikas\" \/>\n<meta name=\"twitter:site\" content=\"@harrobiaikas\" \/>\n<meta name=\"twitter:label1\" content=\"Escrito por\" \/>\n\t<meta name=\"twitter:data1\" content=\"Harrobia\" \/>\n\t<meta name=\"twitter:label2\" content=\"Tiempo de lectura\" \/>\n\t<meta name=\"twitter:data2\" content=\"1 minuto\" \/>\n<script type=\"application\/ld+json\" class=\"yoast-schema-graph\">{\"@context\":\"https:\\\/\\\/schema.org\",\"@graph\":[{\"@type\":\"Article\",\"@id\":\"https:\\\/\\\/harrobia.net\\\/es\\\/2018\\\/09\\\/reunion-de-madres-y-padres-en-harrobia-ikastola\\\/#article\",\"isPartOf\":{\"@id\":\"https:\\\/\\\/harrobia.net\\\/es\\\/2018\\\/09\\\/reunion-de-madres-y-padres-en-harrobia-ikastola\\\/\"},\"author\":{\"name\":\"Harrobia\",\"@id\":\"https:\\\/\\\/harrobia.net\\\/#\\\/schema\\\/person\\\/1d744cfed951cc4f6a3fca6f0b31f524\"},\"headline\":\"Reuni\u00f3n de madres y padres en Harrobia ikastola\",\"datePublished\":\"2018-09-21T06:30:53+00:00\",\"mainEntityOfPage\":{\"@id\":\"https:\\\/\\\/harrobia.net\\\/es\\\/2018\\\/09\\\/reunion-de-madres-y-padres-en-harrobia-ikastola\\\/\"},\"wordCount\":130,\"publisher\":{\"@id\":\"https:\\\/\\\/harrobia.net\\\/#organization\"},\"image\":{\"@id\":\"https:\\\/\\\/harrobia.net\\\/es\\\/2018\\\/09\\\/reunion-de-madres-y-padres-en-harrobia-ikastola\\\/#primaryimage\"},\"thumbnailUrl\":\"https:\\\/\\\/harrobia.net\\\/wp-content\\\/uploads\\\/2017\\\/09\\\/20180921_GurasoBilera.jpg\",\"articleSection\":[\"Sin categorizar\"],\"inLanguage\":\"es\"},{\"@type\":\"WebPage\",\"@id\":\"https:\\\/\\\/harrobia.net\\\/es\\\/2018\\\/09\\\/reunion-de-madres-y-padres-en-harrobia-ikastola\\\/\",\"url\":\"https:\\\/\\\/harrobia.net\\\/es\\\/2018\\\/09\\\/reunion-de-madres-y-padres-en-harrobia-ikastola\\\/\",\"name\":\"Reuni\u00f3n de madres y padres en Harrobia ikastola - Harrobia | Lanbide heziketa Bizkaian\",\"isPartOf\":{\"@id\":\"https:\\\/\\\/harrobia.net\\\/#website\"},\"primaryImageOfPage\":{\"@id\":\"https:\\\/\\\/harrobia.net\\\/es\\\/2018\\\/09\\\/reunion-de-madres-y-padres-en-harrobia-ikastola\\\/#primaryimage\"},\"image\":{\"@id\":\"https:\\\/\\\/harrobia.net\\\/es\\\/2018\\\/09\\\/reunion-de-madres-y-padres-en-harrobia-ikastola\\\/#primaryimage\"},\"thumbnailUrl\":\"https:\\\/\\\/harrobia.net\\\/wp-content\\\/uploads\\\/2017\\\/09\\\/20180921_GurasoBilera.jpg\",\"datePublished\":\"2018-09-21T06:30:53+00:00\",\"description\":\"Ayer, 20 de septiembre, a las seis de la tarde, nos reunimos en HARROBIA con los padres y las madres del alumnado matriculado en los ciclos formativos. El\",\"breadcrumb\":{\"@id\":\"https:\\\/\\\/harrobia.net\\\/es\\\/2018\\\/09\\\/reunion-de-madres-y-padres-en-harrobia-ikastola\\\/#breadcrumb\"},\"inLanguage\":\"es\",\"potentialAction\":[{\"@type\":\"ReadAction\",\"target\":[\"https:\\\/\\\/harrobia.net\\\/es\\\/2018\\\/09\\\/reunion-de-madres-y-padres-en-harrobia-ikastola\\\/\"]}]},{\"@type\":\"ImageObject\",\"inLanguage\":\"es\",\"@id\":\"https:\\\/\\\/harrobia.net\\\/es\\\/2018\\\/09\\\/reunion-de-madres-y-padres-en-harrobia-ikastola\\\/#primaryimage\",\"url\":\"https:\\\/\\\/harrobia.net\\\/wp-content\\\/uploads\\\/2017\\\/09\\\/20180921_GurasoBilera.jpg\",\"contentUrl\":\"https:\\\/\\\/harrobia.net\\\/wp-content\\\/uploads\\\/2017\\\/09\\\/20180921_GurasoBilera.jpg\",\"width\":1024,\"height\":575},{\"@type\":\"BreadcrumbList\",\"@id\":\"https:\\\/\\\/harrobia.net\\\/es\\\/2018\\\/09\\\/reunion-de-madres-y-padres-en-harrobia-ikastola\\\/#breadcrumb\",\"itemListElement\":[{\"@type\":\"ListItem\",\"position\":1,\"name\":\"Home\",\"item\":\"https:\\\/\\\/harrobia.net\\\/es\\\/\"},{\"@type\":\"ListItem\",\"position\":2,\"name\":\"Reuni\u00f3n de madres y padres en Harrobia ikastola\"}]},{\"@type\":\"WebSite\",\"@id\":\"https:\\\/\\\/harrobia.net\\\/#website\",\"url\":\"https:\\\/\\\/harrobia.net\\\/\",\"name\":\"Harrobia Ikastola\",\"description\":\"Harrobia Lanbide Heziketaren Ikastola\",\"publisher\":{\"@id\":\"https:\\\/\\\/harrobia.net\\\/#organization\"},\"potentialAction\":[{\"@type\":\"SearchAction\",\"target\":{\"@type\":\"EntryPoint\",\"urlTemplate\":\"https:\\\/\\\/harrobia.net\\\/?s={search_term_string}\"},\"query-input\":{\"@type\":\"PropertyValueSpecification\",\"valueRequired\":true,\"valueName\":\"search_term_string\"}}],\"inLanguage\":\"es\"},{\"@type\":\"Organization\",\"@id\":\"https:\\\/\\\/harrobia.net\\\/#organization\",\"name\":\"Harrobia Ikastola\",\"url\":\"https:\\\/\\\/harrobia.net\\\/\",\"logo\":{\"@type\":\"ImageObject\",\"inLanguage\":\"es\",\"@id\":\"https:\\\/\\\/harrobia.net\\\/#\\\/schema\\\/logo\\\/image\\\/\",\"url\":\"https:\\\/\\\/harrobia.net\\\/wp-content\\\/uploads\\\/2014\\\/07\\\/harrobia.png\",\"contentUrl\":\"https:\\\/\\\/harrobia.net\\\/wp-content\\\/uploads\\\/2014\\\/07\\\/harrobia.png\",\"width\":256,\"height\":71,\"caption\":\"Harrobia Ikastola\"},\"image\":{\"@id\":\"https:\\\/\\\/harrobia.net\\\/#\\\/schema\\\/logo\\\/image\\\/\"},\"sameAs\":[\"https:\\\/\\\/www.facebook.com\\\/HarrobiaIkastola\",\"https:\\\/\\\/x.com\\\/harrobiaikas\",\"https:\\\/\\\/www.instagram.com\\\/harrobiaikastola\",\"https:\\\/\\\/www.youtube.com\\\/user\\\/IbarezkerraBilbo\"]},{\"@type\":\"Person\",\"@id\":\"https:\\\/\\\/harrobia.net\\\/#\\\/schema\\\/person\\\/1d744cfed951cc4f6a3fca6f0b31f524\",\"name\":\"Harrobia\",\"image\":{\"@type\":\"ImageObject\",\"inLanguage\":\"es\",\"@id\":\"https:\\\/\\\/secure.gravatar.com\\\/avatar\\\/1612bf25e223eceb52dad98cf1059e32644be96e26361dd982cbd02be97556f3?s=96&d=mm&r=g\",\"url\":\"https:\\\/\\\/secure.gravatar.com\\\/avatar\\\/1612bf25e223eceb52dad98cf1059e32644be96e26361dd982cbd02be97556f3?s=96&d=mm&r=g\",\"contentUrl\":\"https:\\\/\\\/secure.gravatar.com\\\/avatar\\\/1612bf25e223eceb52dad98cf1059e32644be96e26361dd982cbd02be97556f3?s=96&d=mm&r=g\",\"caption\":\"Harrobia\"}}]}<\/script>\n<!-- \/ Yoast SEO plugin. -->","yoast_head_json":{"title":"Reuni\u00f3n de madres y padres en Harrobia ikastola - Harrobia | Lanbide heziketa Bizkaian","description":"Ayer, 20 de septiembre, a las seis de la tarde, nos reunimos en HARROBIA con los padres y las madres del alumnado matriculado en los ciclos formativos. El","robots":{"index":"index","follow":"follow","max-snippet":"max-snippet:-1","max-image-preview":"max-image-preview:large","max-video-preview":"max-video-preview:-1"},"canonical":"https:\/\/harrobia.net\/es\/2018\/09\/reunion-de-madres-y-padres-en-harrobia-ikastola\/","og_locale":"es_ES","og_type":"article","og_title":"Reuni\u00f3n de madres y padres en Harrobia ikastola - Harrobia | Lanbide heziketa Bizkaian","og_description":"Ayer, 20 de septiembre, a las seis de la tarde, nos reunimos en HARROBIA con los padres y las madres del alumnado matriculado en los ciclos formativos. El","og_url":"https:\/\/harrobia.net\/es\/2018\/09\/reunion-de-madres-y-padres-en-harrobia-ikastola\/","og_site_name":"Harrobia Ikastola","article_publisher":"https:\/\/www.facebook.com\/HarrobiaIkastola","article_published_time":"2018-09-21T06:30:53+00:00","og_image":[{"width":1024,"height":575,"url":"https:\/\/harrobia.net\/wp-content\/uploads\/2017\/09\/20180921_GurasoBilera.jpg","type":"image\/jpeg"}],"author":"Harrobia","twitter_card":"summary_large_image","twitter_creator":"@harrobiaikas","twitter_site":"@harrobiaikas","twitter_misc":{"Escrito por":"Harrobia","Tiempo de lectura":"1 minuto"},"schema":{"@context":"https:\/\/schema.org","@graph":[{"@type":"Article","@id":"https:\/\/harrobia.net\/es\/2018\/09\/reunion-de-madres-y-padres-en-harrobia-ikastola\/#article","isPartOf":{"@id":"https:\/\/harrobia.net\/es\/2018\/09\/reunion-de-madres-y-padres-en-harrobia-ikastola\/"},"author":{"name":"Harrobia","@id":"https:\/\/harrobia.net\/#\/schema\/person\/1d744cfed951cc4f6a3fca6f0b31f524"},"headline":"Reuni\u00f3n de madres y padres en Harrobia ikastola","datePublished":"2018-09-21T06:30:53+00:00","mainEntityOfPage":{"@id":"https:\/\/harrobia.net\/es\/2018\/09\/reunion-de-madres-y-padres-en-harrobia-ikastola\/"},"wordCount":130,"publisher":{"@id":"https:\/\/harrobia.net\/#organization"},"image":{"@id":"https:\/\/harrobia.net\/es\/2018\/09\/reunion-de-madres-y-padres-en-harrobia-ikastola\/#primaryimage"},"thumbnailUrl":"https:\/\/harrobia.net\/wp-content\/uploads\/2017\/09\/20180921_GurasoBilera.jpg","articleSection":["Sin categorizar"],"inLanguage":"es"},{"@type":"WebPage","@id":"https:\/\/harrobia.net\/es\/2018\/09\/reunion-de-madres-y-padres-en-harrobia-ikastola\/","url":"https:\/\/harrobia.net\/es\/2018\/09\/reunion-de-madres-y-padres-en-harrobia-ikastola\/","name":"Reuni\u00f3n de madres y padres en Harrobia ikastola - Harrobia | Lanbide heziketa Bizkaian","isPartOf":{"@id":"https:\/\/harrobia.net\/#website"},"primaryImageOfPage":{"@id":"https:\/\/harrobia.net\/es\/2018\/09\/reunion-de-madres-y-padres-en-harrobia-ikastola\/#primaryimage"},"image":{"@id":"https:\/\/harrobia.net\/es\/2018\/09\/reunion-de-madres-y-padres-en-harrobia-ikastola\/#primaryimage"},"thumbnailUrl":"https:\/\/harrobia.net\/wp-content\/uploads\/2017\/09\/20180921_GurasoBilera.jpg","datePublished":"2018-09-21T06:30:53+00:00","description":"Ayer, 20 de septiembre, a las seis de la tarde, nos reunimos en HARROBIA con los padres y las madres del alumnado matriculado en los ciclos formativos. El","breadcrumb":{"@id":"https:\/\/harrobia.net\/es\/2018\/09\/reunion-de-madres-y-padres-en-harrobia-ikastola\/#breadcrumb"},"inLanguage":"es","potentialAction":[{"@type":"ReadAction","target":["https:\/\/harrobia.net\/es\/2018\/09\/reunion-de-madres-y-padres-en-harrobia-ikastola\/"]}]},{"@type":"ImageObject","inLanguage":"es","@id":"https:\/\/harrobia.net\/es\/2018\/09\/reunion-de-madres-y-padres-en-harrobia-ikastola\/#primaryimage","url":"https:\/\/harrobia.net\/wp-content\/uploads\/2017\/09\/20180921_GurasoBilera.jpg","contentUrl":"https:\/\/harrobia.net\/wp-content\/uploads\/2017\/09\/20180921_GurasoBilera.jpg","width":1024,"height":575},{"@type":"BreadcrumbList","@id":"https:\/\/harrobia.net\/es\/2018\/09\/reunion-de-madres-y-padres-en-harrobia-ikastola\/#breadcrumb","itemListElement":[{"@type":"ListItem","position":1,"name":"Home","item":"https:\/\/harrobia.net\/es\/"},{"@type":"ListItem","position":2,"name":"Reuni\u00f3n de madres y padres en Harrobia ikastola"}]},{"@type":"WebSite","@id":"https:\/\/harrobia.net\/#website","url":"https:\/\/harrobia.net\/","name":"Harrobia Ikastola","description":"Harrobia Lanbide Heziketaren Ikastola","publisher":{"@id":"https:\/\/harrobia.net\/#organization"},"potentialAction":[{"@type":"SearchAction","target":{"@type":"EntryPoint","urlTemplate":"https:\/\/harrobia.net\/?s={search_term_string}"},"query-input":{"@type":"PropertyValueSpecification","valueRequired":true,"valueName":"search_term_string"}}],"inLanguage":"es"},{"@type":"Organization","@id":"https:\/\/harrobia.net\/#organization","name":"Harrobia Ikastola","url":"https:\/\/harrobia.net\/","logo":{"@type":"ImageObject","inLanguage":"es","@id":"https:\/\/harrobia.net\/#\/schema\/logo\/image\/","url":"https:\/\/harrobia.net\/wp-content\/uploads\/2014\/07\/harrobia.png","contentUrl":"https:\/\/harrobia.net\/wp-content\/uploads\/2014\/07\/harrobia.png","width":256,"height":71,"caption":"Harrobia Ikastola"},"image":{"@id":"https:\/\/harrobia.net\/#\/schema\/logo\/image\/"},"sameAs":["https:\/\/www.facebook.com\/HarrobiaIkastola","https:\/\/x.com\/harrobiaikas","https:\/\/www.instagram.com\/harrobiaikastola","https:\/\/www.youtube.com\/user\/IbarezkerraBilbo"]},{"@type":"Person","@id":"https:\/\/harrobia.net\/#\/schema\/person\/1d744cfed951cc4f6a3fca6f0b31f524","name":"Harrobia","image":{"@type":"ImageObject","inLanguage":"es","@id":"https:\/\/secure.gravatar.com\/avatar\/1612bf25e223eceb52dad98cf1059e32644be96e26361dd982cbd02be97556f3?s=96&d=mm&r=g","url":"https:\/\/secure.gravatar.com\/avatar\/1612bf25e223eceb52dad98cf1059e32644be96e26361dd982cbd02be97556f3?s=96&d=mm&r=g","contentUrl":"https:\/\/secure.gravatar.com\/avatar\/1612bf25e223eceb52dad98cf1059e32644be96e26361dd982cbd02be97556f3?s=96&d=mm&r=g","caption":"Harrobia"}}]}},"jetpack_featured_media_url":"https:\/\/harrobia.net\/wp-content\/uploads\/2017\/09\/20180921_GurasoBilera.jpg","jetpack_sharing_enabled":true,"_links":{"self":[{"href":"https:\/\/harrobia.net\/es\/wp-json\/wp\/v2\/posts\/10776","targetHints":{"allow":["GET"]}}],"collection":[{"href":"https:\/\/harrobia.net\/es\/wp-json\/wp\/v2\/posts"}],"about":[{"href":"https:\/\/harrobia.net\/es\/wp-json\/wp\/v2\/types\/post"}],"author":[{"embeddable":true,"href":"https:\/\/harrobia.net\/es\/wp-json\/wp\/v2\/users\/6"}],"replies":[{"embeddable":true,"href":"https:\/\/harrobia.net\/es\/wp-json\/wp\/v2\/comments?post=10776"}],"version-history":[{"count":3,"href":"https:\/\/harrobia.net\/es\/wp-json\/wp\/v2\/posts\/10776\/revisions"}],"predecessor-version":[{"id":13028,"href":"https:\/\/harrobia.net\/es\/wp-json\/wp\/v2\/posts\/10776\/revisions\/13028"}],"wp:featuredmedia":[{"embeddable":true,"href":"https:\/\/harrobia.net\/es\/wp-json\/wp\/v2\/media\/13024"}],"wp:attachment":[{"href":"https:\/\/harrobia.net\/es\/wp-json\/wp\/v2\/media?parent=10776"}],"wp:term":[{"taxonomy":"category","embeddable":true,"href":"https:\/\/harrobia.net\/es\/wp-json\/wp\/v2\/categories?post=10776"},{"taxonomy":"post_tag","embeddable":true,"href":"https:\/\/harrobia.net\/es\/wp-json\/wp\/v2\/tags?post=10776"}],"curies":[{"name":"wp","href":"https:\/\/api.w.org\/{rel}","templated":true}]}}